
{"id":1532,"date":"2021-05-25T20:50:48","date_gmt":"2021-05-25T18:50:48","guid":{"rendered":"https:\/\/parlonstechs.com\/all\/?p=1532"},"modified":"2021-05-25T20:50:49","modified_gmt":"2021-05-25T18:50:49","slug":"maurice-se-prepare-a-assister-au-lancement-de-son-nanosatellite","status":"publish","type":"post","link":"https:\/\/parlonstechs.com\/all\/2021\/05\/25\/maurice-se-prepare-a-assister-au-lancement-de-son-nanosatellite\/","title":{"rendered":"Maurice se pr\u00e9pare \u00e0 assister au lancement de son nanosatellite"},"content":{"rendered":"\n<figure class=\"wp-block-image\"><img decoding=\"async\" src=\"https:\/\/img-s-msn-com.akamaized.net\/tenant\/amp\/entityid\/AAKl6Tp.img?h=450&amp;w=799&amp;m=6&amp;q=60&amp;o=f&amp;l=f\" alt=\"Les yeux des Mauriciens seront fix\u00e9s sur le centre spatial Kennedy en Floride alors que leur premier nanosatellite va y \u00eatre lanc\u00e9 (Image d'illustration).\"\/><\/figure>\n\n\n\n<p style=\"font-size:24px\"><strong>Maurice entre dans le club, certes de plus en plus grand, des pays qui disposent de leurs propres satellites. Si toutes les conditions sont r\u00e9unies, son nanosatellite sera lanc\u00e9 le 3 ou le 4 juin depuis le centre spatial Kennedy en Floride.\u00a0Les grandes man\u0153uvres ont commenc\u00e9 \u00e0 Maurice pour assister \u00e0 ce lancement historique.<\/strong><\/p>\n\n\n\n<p>Peu visibles pour l\u2019heure dans les m\u00e9dias locaux, les pr\u00e9paratifs de lancement du nanosatellite mauricien mobilisent toutes les attentions du minist\u00e8re en charge des technologies et les ressources du Bureau de Recherches et d\u2019Innovation de Maurice (Mauritius Research and Innovation Council).<\/p>\n\n\n\n<p>D\u2019un c\u00f4t\u00e9, ils effectuent les derniers r\u00e9glages aux \u00e9quipements et antennes install\u00e9s \u00e0 la station terrestre d\u2019Eb\u00e8ne, de l\u2019autre, ils pr\u00e9parent tout un programme pour permettre \u00e0 la population de vivre en direct ce rendez-vous avec l\u2019histoire.<\/p>\n\n\n\n<p>\u00ab&nbsp;<em>C\u2019est une grande avanc\u00e9e pour Maurice. MIR SAT1 nous permettra d\u2019obtenir r\u00e9guli\u00e8rement des donn\u00e9es sur notre Zone \u00c9conomique Exclusive qui est vraiment tr\u00e8s vaste. Nous serons aussi en mesure d\u2019avoir des donn\u00e9es m\u00e9t\u00e9orologiques compl\u00e9mentaires. Lancer un nanosatellite offrira aussi des possibilit\u00e9s aux jeunes qui veulent se lancer dans les technologies spatiales<\/em>&nbsp;\u00bb, explique le ministre de la Technologie de l\u2019Information, de la Communication et de l\u2019Innovation, Deepak Balgobin.<\/p>\n\n\n\n<p>Quand il fut annonc\u00e9 en 2018, le&nbsp;<strong><a href=\"http:\/\/spacemauritius.com\/\" target=\"_blank\" rel=\"noreferrer noopener\">MIR SAT 1<\/a><\/strong>&nbsp;semblait lointain, voire illusoire. Cette ann\u00e9e-l\u00e0, le projet mauricien avait convaincu le Bureau des Affaires Spatiales des Nations-Unies et l\u2019Agence japonaise d\u2019exploration spatiale dans le cadre du programme KiboCube destin\u00e9 aux pays en d\u00e9veloppement.<\/p>\n\n\n\n<h2 class=\"wp-block-heading\">Contribuer au d\u00e9veloppement agricole du pays<\/h2>\n\n\n\n<p>La construction de ce satellite au co\u00fbt d\u2019un demi-million d\u2019euros, de 10 centim\u00e8tres seulement gr\u00e2ce \u00e0 la miniaturisation des technologies a \u00e9t\u00e9 confi\u00e9e au fabricant britannique ACC Clyde Space. Son lancement sera assur\u00e9 la soci\u00e9t\u00e9 am\u00e9ricaine Space X et sa mise en orbite par la Station Spatiale Internationale.<\/p>\n\n\n\n<p>Une fois en service, le nanosatellite recueillera en priorit\u00e9 des donn\u00e9es maritimes et m\u00e9t\u00e9orologiques dans la Zone \u00e9conomique exclusive de Maurice avant d\u2019\u00eatre mise \u00e0 contribution pour le d\u00e9veloppement de la p\u00eache et de l\u2019agriculture.<\/p>\n\n\n\n<p>Avec RFI<\/p>\n","protected":false},"excerpt":{"rendered":"<p>Maurice entre dans le club, certes de plus en plus grand, des pays qui disposent de leurs propres satellites. Si toutes les conditions sont r\u00e9unies, son nanosatellite sera lanc\u00e9 le [&hellip;]<\/p>\n","protected":false},"author":1,"featured_media":1533,"comment_status":"open","ping_status":"open","sticky":false,"template":"","format":"standard","meta":{"footnotes":""},"categories":[21,14,17],"tags":[],"class_list":["post-1532","post","type-post","status-publish","format-standard","has-post-thumbnail","hentry","category-actualite","category-automobile","category-espace"],"yoast_head":"<!-- This site is optimized with the Yoast SEO plugin v27.4 - https:\/\/yoast.com\/product\/yoast-seo-wordpress\/ -->\n<title>Maurice se pr\u00e9pare \u00e0 assister au lancement de son nanosatellite - Parlons Techs - Store<\/title>\n<meta name=\"robots\" content=\"index, follow, max-snippet:-1, max-image-preview:large, max-video-preview:-1\" \/>\n<link rel=\"canonical\" href=\"https:\/\/parlonstechs.com\/all\/2021\/05\/25\/maurice-se-prepare-a-assister-au-lancement-de-son-nanosatellite\/\" \/>\n<meta property=\"og:locale\" content=\"fr_FR\" \/>\n<meta property=\"og:type\" content=\"article\" \/>\n<meta property=\"og:title\" content=\"Maurice se pr\u00e9pare \u00e0 assister au lancement de son nanosatellite - Parlons Techs - Store\" \/>\n<meta property=\"og:description\" content=\"Maurice entre dans le club, certes de plus en plus grand, des pays qui disposent de leurs propres satellites. Si toutes les conditions sont r\u00e9unies, son nanosatellite sera lanc\u00e9 le [&hellip;]\" \/>\n<meta property=\"og:url\" content=\"https:\/\/parlonstechs.com\/all\/2021\/05\/25\/maurice-se-prepare-a-assister-au-lancement-de-son-nanosatellite\/\" \/>\n<meta property=\"og:site_name\" content=\"Parlons Techs - Store\" \/>\n<meta property=\"article:published_time\" content=\"2021-05-25T18:50:48+00:00\" \/>\n<meta property=\"article:modified_time\" content=\"2021-05-25T18:50:49+00:00\" \/>\n<meta property=\"og:image\" content=\"https:\/\/parlonstechs.com\/all\/wp-content\/uploads\/2021\/05\/at-38.jpg\" \/>\n\t<meta property=\"og:image:width\" content=\"265\" \/>\n\t<meta property=\"og:image:height\" content=\"119\" \/>\n\t<meta property=\"og:image:type\" content=\"image\/jpeg\" \/>\n<meta name=\"author\" content=\"wisdom\" \/>\n<meta name=\"twitter:card\" content=\"summary_large_image\" \/>\n<meta name=\"twitter:label1\" content=\"\u00c9crit par\" \/>\n\t<meta name=\"twitter:data1\" content=\"wisdom\" \/>\n\t<meta name=\"twitter:label2\" content=\"Dur\u00e9e de lecture estim\u00e9e\" \/>\n\t<meta name=\"twitter:data2\" content=\"2 minutes\" \/>\n<script type=\"application\/ld+json\" class=\"yoast-schema-graph\">{\"@context\":\"https:\\\/\\\/schema.org\",\"@graph\":[{\"@type\":\"Article\",\"@id\":\"https:\\\/\\\/parlonstechs.com\\\/all\\\/2021\\\/05\\\/25\\\/maurice-se-prepare-a-assister-au-lancement-de-son-nanosatellite\\\/#article\",\"isPartOf\":{\"@id\":\"https:\\\/\\\/parlonstechs.com\\\/all\\\/2021\\\/05\\\/25\\\/maurice-se-prepare-a-assister-au-lancement-de-son-nanosatellite\\\/\"},\"author\":{\"name\":\"wisdom\",\"@id\":\"https:\\\/\\\/parlonstechs.com\\\/all\\\/#\\\/schema\\\/person\\\/a93526e9c6c72ccb484abb7008892823\"},\"headline\":\"Maurice se pr\u00e9pare \u00e0 assister au lancement de son nanosatellite\",\"datePublished\":\"2021-05-25T18:50:48+00:00\",\"dateModified\":\"2021-05-25T18:50:49+00:00\",\"mainEntityOfPage\":{\"@id\":\"https:\\\/\\\/parlonstechs.com\\\/all\\\/2021\\\/05\\\/25\\\/maurice-se-prepare-a-assister-au-lancement-de-son-nanosatellite\\\/\"},\"wordCount\":389,\"commentCount\":0,\"image\":{\"@id\":\"https:\\\/\\\/parlonstechs.com\\\/all\\\/2021\\\/05\\\/25\\\/maurice-se-prepare-a-assister-au-lancement-de-son-nanosatellite\\\/#primaryimage\"},\"thumbnailUrl\":\"https:\\\/\\\/parlonstechs.com\\\/all\\\/wp-content\\\/uploads\\\/2021\\\/05\\\/at-38.jpg\",\"articleSection\":[\"Actualit\u00e9\",\"Automobile\",\"Espace\"],\"inLanguage\":\"fr-FR\",\"potentialAction\":[{\"@type\":\"CommentAction\",\"name\":\"Comment\",\"target\":[\"https:\\\/\\\/parlonstechs.com\\\/all\\\/2021\\\/05\\\/25\\\/maurice-se-prepare-a-assister-au-lancement-de-son-nanosatellite\\\/#respond\"]}]},{\"@type\":\"WebPage\",\"@id\":\"https:\\\/\\\/parlonstechs.com\\\/all\\\/2021\\\/05\\\/25\\\/maurice-se-prepare-a-assister-au-lancement-de-son-nanosatellite\\\/\",\"url\":\"https:\\\/\\\/parlonstechs.com\\\/all\\\/2021\\\/05\\\/25\\\/maurice-se-prepare-a-assister-au-lancement-de-son-nanosatellite\\\/\",\"name\":\"Maurice se pr\u00e9pare \u00e0 assister au lancement de son nanosatellite - Parlons Techs - Store\",\"isPartOf\":{\"@id\":\"https:\\\/\\\/parlonstechs.com\\\/all\\\/#website\"},\"primaryImageOfPage\":{\"@id\":\"https:\\\/\\\/parlonstechs.com\\\/all\\\/2021\\\/05\\\/25\\\/maurice-se-prepare-a-assister-au-lancement-de-son-nanosatellite\\\/#primaryimage\"},\"image\":{\"@id\":\"https:\\\/\\\/parlonstechs.com\\\/all\\\/2021\\\/05\\\/25\\\/maurice-se-prepare-a-assister-au-lancement-de-son-nanosatellite\\\/#primaryimage\"},\"thumbnailUrl\":\"https:\\\/\\\/parlonstechs.com\\\/all\\\/wp-content\\\/uploads\\\/2021\\\/05\\\/at-38.jpg\",\"datePublished\":\"2021-05-25T18:50:48+00:00\",\"dateModified\":\"2021-05-25T18:50:49+00:00\",\"author\":{\"@id\":\"https:\\\/\\\/parlonstechs.com\\\/all\\\/#\\\/schema\\\/person\\\/a93526e9c6c72ccb484abb7008892823\"},\"breadcrumb\":{\"@id\":\"https:\\\/\\\/parlonstechs.com\\\/all\\\/2021\\\/05\\\/25\\\/maurice-se-prepare-a-assister-au-lancement-de-son-nanosatellite\\\/#breadcrumb\"},\"inLanguage\":\"fr-FR\",\"potentialAction\":[{\"@type\":\"ReadAction\",\"target\":[\"https:\\\/\\\/parlonstechs.com\\\/all\\\/2021\\\/05\\\/25\\\/maurice-se-prepare-a-assister-au-lancement-de-son-nanosatellite\\\/\"]}]},{\"@type\":\"ImageObject\",\"inLanguage\":\"fr-FR\",\"@id\":\"https:\\\/\\\/parlonstechs.com\\\/all\\\/2021\\\/05\\\/25\\\/maurice-se-prepare-a-assister-au-lancement-de-son-nanosatellite\\\/#primaryimage\",\"url\":\"https:\\\/\\\/parlonstechs.com\\\/all\\\/wp-content\\\/uploads\\\/2021\\\/05\\\/at-38.jpg\",\"contentUrl\":\"https:\\\/\\\/parlonstechs.com\\\/all\\\/wp-content\\\/uploads\\\/2021\\\/05\\\/at-38.jpg\",\"width\":265,\"height\":119},{\"@type\":\"BreadcrumbList\",\"@id\":\"https:\\\/\\\/parlonstechs.com\\\/all\\\/2021\\\/05\\\/25\\\/maurice-se-prepare-a-assister-au-lancement-de-son-nanosatellite\\\/#breadcrumb\",\"itemListElement\":[{\"@type\":\"ListItem\",\"position\":1,\"name\":\"Accueil\",\"item\":\"https:\\\/\\\/parlonstechs.com\\\/all\\\/\"},{\"@type\":\"ListItem\",\"position\":2,\"name\":\"Maurice se pr\u00e9pare \u00e0 assister au lancement de son nanosatellite\"}]},{\"@type\":\"WebSite\",\"@id\":\"https:\\\/\\\/parlonstechs.com\\\/all\\\/#website\",\"url\":\"https:\\\/\\\/parlonstechs.com\\\/all\\\/\",\"name\":\"Parlons Techs - Store\",\"description\":\"Toute L&#039;Actualit\u00e9 sur La Technologie et La Science\",\"potentialAction\":[{\"@type\":\"SearchAction\",\"target\":{\"@type\":\"EntryPoint\",\"urlTemplate\":\"https:\\\/\\\/parlonstechs.com\\\/all\\\/?s={search_term_string}\"},\"query-input\":{\"@type\":\"PropertyValueSpecification\",\"valueRequired\":true,\"valueName\":\"search_term_string\"}}],\"inLanguage\":\"fr-FR\"},{\"@type\":\"Person\",\"@id\":\"https:\\\/\\\/parlonstechs.com\\\/all\\\/#\\\/schema\\\/person\\\/a93526e9c6c72ccb484abb7008892823\",\"name\":\"wisdom\",\"image\":{\"@type\":\"ImageObject\",\"inLanguage\":\"fr-FR\",\"@id\":\"https:\\\/\\\/secure.gravatar.com\\\/avatar\\\/e752642935d05c7ef20c7ff136e0baadd18b8f39f34dbcffed7f1221cb763284?s=96&d=mm&r=g\",\"url\":\"https:\\\/\\\/secure.gravatar.com\\\/avatar\\\/e752642935d05c7ef20c7ff136e0baadd18b8f39f34dbcffed7f1221cb763284?s=96&d=mm&r=g\",\"contentUrl\":\"https:\\\/\\\/secure.gravatar.com\\\/avatar\\\/e752642935d05c7ef20c7ff136e0baadd18b8f39f34dbcffed7f1221cb763284?s=96&d=mm&r=g\",\"caption\":\"wisdom\"},\"sameAs\":[\"https:\\\/\\\/parlonstechs.com\\\/all\"],\"url\":\"https:\\\/\\\/parlonstechs.com\\\/all\\\/author\\\/wisdom\\\/\"}]}<\/script>\n<!-- \/ Yoast SEO plugin. -->","yoast_head_json":{"title":"Maurice se pr\u00e9pare \u00e0 assister au lancement de son nanosatellite - Parlons Techs - Store","robots":{"index":"index","follow":"follow","max-snippet":"max-snippet:-1","max-image-preview":"max-image-preview:large","max-video-preview":"max-video-preview:-1"},"canonical":"https:\/\/parlonstechs.com\/all\/2021\/05\/25\/maurice-se-prepare-a-assister-au-lancement-de-son-nanosatellite\/","og_locale":"fr_FR","og_type":"article","og_title":"Maurice se pr\u00e9pare \u00e0 assister au lancement de son nanosatellite - Parlons Techs - Store","og_description":"Maurice entre dans le club, certes de plus en plus grand, des pays qui disposent de leurs propres satellites. Si toutes les conditions sont r\u00e9unies, son nanosatellite sera lanc\u00e9 le [&hellip;]","og_url":"https:\/\/parlonstechs.com\/all\/2021\/05\/25\/maurice-se-prepare-a-assister-au-lancement-de-son-nanosatellite\/","og_site_name":"Parlons Techs - Store","article_published_time":"2021-05-25T18:50:48+00:00","article_modified_time":"2021-05-25T18:50:49+00:00","og_image":[{"width":265,"height":119,"url":"https:\/\/parlonstechs.com\/all\/wp-content\/uploads\/2021\/05\/at-38.jpg","type":"image\/jpeg"}],"author":"wisdom","twitter_card":"summary_large_image","twitter_misc":{"\u00c9crit par":"wisdom","Dur\u00e9e de lecture estim\u00e9e":"2 minutes"},"schema":{"@context":"https:\/\/schema.org","@graph":[{"@type":"Article","@id":"https:\/\/parlonstechs.com\/all\/2021\/05\/25\/maurice-se-prepare-a-assister-au-lancement-de-son-nanosatellite\/#article","isPartOf":{"@id":"https:\/\/parlonstechs.com\/all\/2021\/05\/25\/maurice-se-prepare-a-assister-au-lancement-de-son-nanosatellite\/"},"author":{"name":"wisdom","@id":"https:\/\/parlonstechs.com\/all\/#\/schema\/person\/a93526e9c6c72ccb484abb7008892823"},"headline":"Maurice se pr\u00e9pare \u00e0 assister au lancement de son nanosatellite","datePublished":"2021-05-25T18:50:48+00:00","dateModified":"2021-05-25T18:50:49+00:00","mainEntityOfPage":{"@id":"https:\/\/parlonstechs.com\/all\/2021\/05\/25\/maurice-se-prepare-a-assister-au-lancement-de-son-nanosatellite\/"},"wordCount":389,"commentCount":0,"image":{"@id":"https:\/\/parlonstechs.com\/all\/2021\/05\/25\/maurice-se-prepare-a-assister-au-lancement-de-son-nanosatellite\/#primaryimage"},"thumbnailUrl":"https:\/\/parlonstechs.com\/all\/wp-content\/uploads\/2021\/05\/at-38.jpg","articleSection":["Actualit\u00e9","Automobile","Espace"],"inLanguage":"fr-FR","potentialAction":[{"@type":"CommentAction","name":"Comment","target":["https:\/\/parlonstechs.com\/all\/2021\/05\/25\/maurice-se-prepare-a-assister-au-lancement-de-son-nanosatellite\/#respond"]}]},{"@type":"WebPage","@id":"https:\/\/parlonstechs.com\/all\/2021\/05\/25\/maurice-se-prepare-a-assister-au-lancement-de-son-nanosatellite\/","url":"https:\/\/parlonstechs.com\/all\/2021\/05\/25\/maurice-se-prepare-a-assister-au-lancement-de-son-nanosatellite\/","name":"Maurice se pr\u00e9pare \u00e0 assister au lancement de son nanosatellite - Parlons Techs - Store","isPartOf":{"@id":"https:\/\/parlonstechs.com\/all\/#website"},"primaryImageOfPage":{"@id":"https:\/\/parlonstechs.com\/all\/2021\/05\/25\/maurice-se-prepare-a-assister-au-lancement-de-son-nanosatellite\/#primaryimage"},"image":{"@id":"https:\/\/parlonstechs.com\/all\/2021\/05\/25\/maurice-se-prepare-a-assister-au-lancement-de-son-nanosatellite\/#primaryimage"},"thumbnailUrl":"https:\/\/parlonstechs.com\/all\/wp-content\/uploads\/2021\/05\/at-38.jpg","datePublished":"2021-05-25T18:50:48+00:00","dateModified":"2021-05-25T18:50:49+00:00","author":{"@id":"https:\/\/parlonstechs.com\/all\/#\/schema\/person\/a93526e9c6c72ccb484abb7008892823"},"breadcrumb":{"@id":"https:\/\/parlonstechs.com\/all\/2021\/05\/25\/maurice-se-prepare-a-assister-au-lancement-de-son-nanosatellite\/#breadcrumb"},"inLanguage":"fr-FR","potentialAction":[{"@type":"ReadAction","target":["https:\/\/parlonstechs.com\/all\/2021\/05\/25\/maurice-se-prepare-a-assister-au-lancement-de-son-nanosatellite\/"]}]},{"@type":"ImageObject","inLanguage":"fr-FR","@id":"https:\/\/parlonstechs.com\/all\/2021\/05\/25\/maurice-se-prepare-a-assister-au-lancement-de-son-nanosatellite\/#primaryimage","url":"https:\/\/parlonstechs.com\/all\/wp-content\/uploads\/2021\/05\/at-38.jpg","contentUrl":"https:\/\/parlonstechs.com\/all\/wp-content\/uploads\/2021\/05\/at-38.jpg","width":265,"height":119},{"@type":"BreadcrumbList","@id":"https:\/\/parlonstechs.com\/all\/2021\/05\/25\/maurice-se-prepare-a-assister-au-lancement-de-son-nanosatellite\/#breadcrumb","itemListElement":[{"@type":"ListItem","position":1,"name":"Accueil","item":"https:\/\/parlonstechs.com\/all\/"},{"@type":"ListItem","position":2,"name":"Maurice se pr\u00e9pare \u00e0 assister au lancement de son nanosatellite"}]},{"@type":"WebSite","@id":"https:\/\/parlonstechs.com\/all\/#website","url":"https:\/\/parlonstechs.com\/all\/","name":"Parlons Techs - Store","description":"Toute L&#039;Actualit\u00e9 sur La Technologie et La Science","potentialAction":[{"@type":"SearchAction","target":{"@type":"EntryPoint","urlTemplate":"https:\/\/parlonstechs.com\/all\/?s={search_term_string}"},"query-input":{"@type":"PropertyValueSpecification","valueRequired":true,"valueName":"search_term_string"}}],"inLanguage":"fr-FR"},{"@type":"Person","@id":"https:\/\/parlonstechs.com\/all\/#\/schema\/person\/a93526e9c6c72ccb484abb7008892823","name":"wisdom","image":{"@type":"ImageObject","inLanguage":"fr-FR","@id":"https:\/\/secure.gravatar.com\/avatar\/e752642935d05c7ef20c7ff136e0baadd18b8f39f34dbcffed7f1221cb763284?s=96&d=mm&r=g","url":"https:\/\/secure.gravatar.com\/avatar\/e752642935d05c7ef20c7ff136e0baadd18b8f39f34dbcffed7f1221cb763284?s=96&d=mm&r=g","contentUrl":"https:\/\/secure.gravatar.com\/avatar\/e752642935d05c7ef20c7ff136e0baadd18b8f39f34dbcffed7f1221cb763284?s=96&d=mm&r=g","caption":"wisdom"},"sameAs":["https:\/\/parlonstechs.com\/all"],"url":"https:\/\/parlonstechs.com\/all\/author\/wisdom\/"}]}},"_links":{"self":[{"href":"https:\/\/parlonstechs.com\/all\/wp-json\/wp\/v2\/posts\/1532","targetHints":{"allow":["GET"]}}],"collection":[{"href":"https:\/\/parlonstechs.com\/all\/wp-json\/wp\/v2\/posts"}],"about":[{"href":"https:\/\/parlonstechs.com\/all\/wp-json\/wp\/v2\/types\/post"}],"author":[{"embeddable":true,"href":"https:\/\/parlonstechs.com\/all\/wp-json\/wp\/v2\/users\/1"}],"replies":[{"embeddable":true,"href":"https:\/\/parlonstechs.com\/all\/wp-json\/wp\/v2\/comments?post=1532"}],"version-history":[{"count":1,"href":"https:\/\/parlonstechs.com\/all\/wp-json\/wp\/v2\/posts\/1532\/revisions"}],"predecessor-version":[{"id":1534,"href":"https:\/\/parlonstechs.com\/all\/wp-json\/wp\/v2\/posts\/1532\/revisions\/1534"}],"wp:featuredmedia":[{"embeddable":true,"href":"https:\/\/parlonstechs.com\/all\/wp-json\/wp\/v2\/media\/1533"}],"wp:attachment":[{"href":"https:\/\/parlonstechs.com\/all\/wp-json\/wp\/v2\/media?parent=1532"}],"wp:term":[{"taxonomy":"category","embeddable":true,"href":"https:\/\/parlonstechs.com\/all\/wp-json\/wp\/v2\/categories?post=1532"},{"taxonomy":"post_tag","embeddable":true,"href":"https:\/\/parlonstechs.com\/all\/wp-json\/wp\/v2\/tags?post=1532"}],"curies":[{"name":"wp","href":"https:\/\/api.w.org\/{rel}","templated":true}]}}