
{"id":2274,"date":"2021-09-24T00:39:37","date_gmt":"2021-09-23T22:39:37","guid":{"rendered":"https:\/\/parlonstechs.com\/all\/?p=2274"},"modified":"2021-09-24T00:44:19","modified_gmt":"2021-09-23T22:44:19","slug":"antonio-guterres-secretaire-general-de-lonu-reproche-a-jeff-bezos-elon-musk-et-richard-branson-de-faire-des-balades-dans-lespacealors-que-des-millions-de-personnes-ont-faim","status":"publish","type":"post","link":"https:\/\/parlonstechs.com\/all\/2021\/09\/24\/antonio-guterres-secretaire-general-de-lonu-reproche-a-jeff-bezos-elon-musk-et-richard-branson-de-faire-des-balades-dans-lespacealors-que-des-millions-de-personnes-ont-faim\/","title":{"rendered":"Ant\u00f3nio Guterres, Secr\u00e9taire g\u00e9n\u00e9ral de l&rsquo;ONU, reproche \u00e0 Jeff Bezos, Elon Musk et Richard Branson de faire des balades dans l&rsquo;espaceAlors que des millions de personnes ont faim"},"content":{"rendered":"\n<figure class=\"wp-block-image size-large\"><img loading=\"lazy\" decoding=\"async\" width=\"810\" height=\"607\" src=\"https:\/\/parlonstechs.com\/all\/wp-content\/uploads\/2021\/09\/image-28.png\" alt=\"\" class=\"wp-image-2275\" srcset=\"https:\/\/parlonstechs.com\/all\/wp-content\/uploads\/2021\/09\/image-28.png 810w, https:\/\/parlonstechs.com\/all\/wp-content\/uploads\/2021\/09\/image-28-300x225.png 300w, https:\/\/parlonstechs.com\/all\/wp-content\/uploads\/2021\/09\/image-28-768x576.png 768w\" sizes=\"auto, (max-width: 810px) 100vw, 810px\" \/><\/figure>\n\n\n\n<p style=\"font-size:22px\"><strong>Le secr\u00e9taire g\u00e9n\u00e9ral des Nations Unies, Ant\u00f3nio Guterres, a d\u00e9clar\u00e9 aux autres dirigeants mondiaux, lors de son discours d&rsquo;ouverture de l&rsquo;assembl\u00e9e g\u00e9n\u00e9rale des Nations Unies, que la course des milliardaires vers l&rsquo;espace d\u00e9montrait l&rsquo;existence d&rsquo;un \u00e9cart consid\u00e9rable entre les pauvres et les grandes fortunes. Ant\u00f3nio Guterres a profit\u00e9 de son discours d&rsquo;ouverture devant les dirigeants du monde entier pour critiquer les Elon Musk, Richard Branson et Jeff Bezos qui \u00ab\u00a0font des balades dans l&rsquo;espace alors que des millions de personnes souffrent de la faim sur Terre\u00a0\u00bb. S&rsquo;exprimant devant des personnalit\u00e9s comme Boris Johnson et le pr\u00e9sident am\u00e9ricain Joe Biden, Guterres a exhort\u00e9 les dirigeants \u00e0 prendre des mesures pour lutter contre le changement climatique, les in\u00e9galit\u00e9s et la m\u00e9fiance g\u00e9n\u00e9rale \u00e0 l&rsquo;\u00e9gard des politiciens. L&rsquo;intervention du chef de l&rsquo;ONU est intervenue quelques jours seulement apr\u00e8s que la mission Inspiration4, enti\u00e8rement civile, financ\u00e9e par le milliardaire de la technologie Jared Isaacman et exploit\u00e9e par SpaceX d&rsquo;Elon Musk, a amerri sur Terre.<\/strong><\/p>\n\n\n\n<p>Dans son discours, Ant\u00f3nio Guterres a soulign\u00e9 les \u00e9normes \u00e9carts entre les riches et les pauvres, qu&rsquo;il a qualifi\u00e9s de nouvelle maladie affectant la soci\u00e9t\u00e9. \u00ab&nbsp;Une autre maladie se propage dans notre monde aujourd&rsquo;hui&nbsp;: la maladie de la m\u00e9fiance&nbsp;\u00bb, a-t-il commenc\u00e9. \u00ab&nbsp;Quand les gens voient les promesses de progr\u00e8s d\u00e9menties par les r\u00e9alit\u00e9s de leur dur quotidien. Quand ils voient leurs droits et libert\u00e9s fondamentaux r\u00e9duits. Quand ils voient la petite &#8211; et la grande &#8211; corruption qui les entoure. Quand ils voient des milliardaires partir en vir\u00e9e dans l&rsquo;espace alors que des millions de personnes souffrent de la faim sur terre. Quand les parents voient un avenir pour leurs enfants qui semble encore plus sombre que les luttes d&rsquo;aujourd&rsquo;hui&nbsp;\u00bb, a-t-il poursuivi.<\/p>\n\n\n\n<p>Les propos de Guterres interviennent apr\u00e8s que Bezos et Branson se soient envol\u00e9s dans l&rsquo;espace \u00e0 bord de leurs fus\u00e9es priv\u00e9es cet \u00e9t\u00e9. Bezos, qui \u00e9tait accompagn\u00e9 de son fr\u00e8re Mark, de Wally Funk ( 82 ans, pionnier de la course \u00e0 l&rsquo;espace) et d&rsquo;un \u00e9tudiant de 18 ans dont le nom n&rsquo;a pas \u00e9t\u00e9 r\u00e9v\u00e9l\u00e9, a pass\u00e9 un peu plus de 10 minutes dans l&rsquo;espace avant de revenir sur Terre. Branson, lui s&rsquo;est lanc\u00e9 \u00e0 bord d&rsquo;un vaisseau spatial Virgin Galactic, a vol\u00e9 aux c\u00f4t\u00e9s de l&rsquo;astronaute entra\u00eeneur en chef Beth Moses, de l&rsquo;ing\u00e9nieur principal des op\u00e9rations Colin Bennett et de la vice-pr\u00e9sidente des affaires gouvernementales Sirisha Bandla le 11 juin. Il a pass\u00e9 environ 15 minutes dans l&rsquo;espace avant de redescendre sur Terre. Bien qu&rsquo;ils ne passent qu&rsquo;un instant dans l&rsquo;espace, ces deux vols ont co\u00fbt\u00e9 des milliards de dollars et ont attir\u00e9 l&rsquo;attention du monde entier. En effet, un si\u00e8ge \u00e0 bord du VSS Unity de Branson et du New Shepard de Bezos sont estim\u00e9s 28 millions de dollars chacun.<\/p>\n\n\n\n<p>Depuis mars 2020, les banques alimentaires aux \u00c9tats-Unis ont connu une hausse de la demande alors qu&rsquo;une s\u00e9rie de confinements dus \u00e0 la Covid-19 a laiss\u00e9 des millions d&rsquo;Am\u00e9ricains sans emploi. Plus de 820 millions de personnes (soit plus du double de la population totale des \u00c9tats-Unis) souffrent aujourd&rsquo;hui de malnutrition, la majorit\u00e9 d&rsquo;entre elles \u00e9tant des enfants. Ce qui oblige beaucoup d&rsquo;entre eux \u00e0 vendre des biens ou \u00e0 s&rsquo;endetter pour \u00e9chapper \u00e0 la famine, selon un rapport du Catholic Relief Services.<\/p>\n\n\n\n<p>En juillet dernier, le groupe humanitaire Oxfam International a fustig\u00e9 Jeff Bezos comme l&rsquo;avatar d&rsquo;un syst\u00e8me qui permet \u00e0 une poign\u00e9e de personnes d&rsquo;accumuler suffisamment de richesses pour fuir la plan\u00e8te dans un contexte de souffrance g\u00e9n\u00e9ralis\u00e9e sur une Terre de plus en plus pollu\u00e9e, r\u00e9chauff\u00e9e et ravag\u00e9e par les pand\u00e9mies. Deepak Xavier de Oxfam a soulign\u00e9 un r\u00e9cent rapport de l\u2019organisation montrant que 11 personnes sur Terre meurent de faim chaque minute, ce qui n&rsquo;est qu&rsquo;un exemple des difficult\u00e9s inutiles que des milliards de personnes subissent alors que Bezos se lance dans sa \u00ab\u00a0vir\u00e9e\u00a0\u00bb dans l&rsquo;espace, dont il esp\u00e8re qu&rsquo;elle ouvrira la voie \u00e0 une entreprise touristique rentable qui r\u00e9pondra aux caprices des riches.<\/p>\n\n\n\n<p>\u00ab&nbsp;Les ultra-riches sont soutenus par des syst\u00e8mes fiscaux injustes et des protections du travail pitoyables. Bezos ne paie pratiquement aucun imp\u00f4t sur le revenu am\u00e9ricain, mais peut d\u00e9penser 7,5 milliards de dollars dans sa propre aventure a\u00e9rospatiale. La fortune de Bezos a presque doubl\u00e9 pendant la pand\u00e9mie de la Covid-19. Il pourrait se permettre de payer pour que tout le monde sur Terre soit vaccin\u00e9 contre la Covid-19 et rester plus riche qu&rsquo;il ne l&rsquo;\u00e9tait au d\u00e9but de la pand\u00e9mie&nbsp;\u00bb, a d\u00e9clar\u00e9 Xavier.<\/p>\n\n\n\n<p>\u00ab&nbsp;Ce dont nous avons besoin, c&rsquo;est d&rsquo;un syst\u00e8me fiscal \u00e9quitable qui permette d&rsquo;investir davantage pour mettre fin \u00e0 la faim et \u00e0 la pauvret\u00e9, dans l&rsquo;\u00e9ducation et les soins de sant\u00e9, et pour sauver la plan\u00e8te de la crise climatique croissante &#8211; plut\u00f4t que de la quitter&nbsp;\u00bb, ajoute Xavier.<\/p>\n\n\n\n<p>Au moment du lancement de leurs fus\u00e9es, les deux milliardaires ont fait l&rsquo;objet de vives critiques, les gens demandant que les hommes paient plus d&rsquo;imp\u00f4ts. La pression s&rsquo;est accrue pour que les personnes les plus riches du monde paient leurs imp\u00f4ts. Boris Johnson affirme avoir confront\u00e9 Jeff Bezos cette semaine au sujet du non-paiement des imp\u00f4ts par Amazon au Royaume-Uni. JeffBezos estime qu&rsquo;il incombe au gouvernement de taxer efficacement les grandes entreprises technologiques et qu&rsquo;Amazon ne paierait pas volontairement plus que ce que la loi exige.<\/p>\n\n\n\n<p>La s\u00e9natrice am\u00e9ricaine Elizabeth Warren a pris Bezos \u00e0 partie pour le vol spatial apr\u00e8s que ProPublica a rapport\u00e9 que le fondateur d&rsquo;Amazon n&rsquo;avait pas pay\u00e9 d&rsquo;imp\u00f4ts sur le revenu pendant au moins deux ans entre 2006 et 2018. \u00ab&nbsp;Il se moque de tous les Am\u00e9ricains qui ont pay\u00e9 des imp\u00f4ts&nbsp;\u00bb, a d\u00e9clar\u00e9 Warren.<\/p>\n\n\n\n<p>Cependant, Bezos a d\u00e9clar\u00e9 \u00e0 que ses d\u00e9tracteurs avaient \u00ab&nbsp;en grande partie raison&nbsp;\u00bb. Il affirme avoir r\u00e9alis\u00e9 \u00e0 quel point la Terre est fragile et chose lorsqu&rsquo;il l&rsquo;a observ\u00e9e depuis l&rsquo;espace et s&rsquo;est engag\u00e9 \u00e0 faire don d&rsquo;un milliard de dollars \u00e0 des projets de conservation dans le monde entier. \u00ab&nbsp;En vivant ici-bas, le monde et l&rsquo;atmosph\u00e8re semblent vastes et ils semblent stables. Mais en regardant la Terre depuis l\u00e0-bas, l&rsquo;atmosph\u00e8re semble mince et le monde fini. Les deux sont beaux, les deux sont fragiles&nbsp;\u00bb, a-t-il d\u00e9clar\u00e9 lors d&rsquo;un \u00e9v\u00e9nement cette semaine.<\/p>\n\n\n\n<p>Bien que Musk ne soit pas encore all\u00e9 dans l&rsquo;espace, il a \u00e9galement fait face \u00e0 des critiques pour avoir concentr\u00e9 certains de ses efforts environnementaux sur l&rsquo;espace. La semaine derni\u00e8re, SpaceX, la soci\u00e9t\u00e9 d&rsquo;Elon Musk, a r\u00e9alis\u00e9 le premier vol humain au monde en orbite autour de l&rsquo;espace avec uniquement des citoyens priv\u00e9s \u00e0 bord.\u00ab Je pense que nous devrions consacrer la grande majorit\u00e9 de nos ressources \u00e0 r\u00e9soudre les probl\u00e8mes sur Terre. Par exemple, plus de 99&nbsp;% de notre \u00e9conomie devrait \u00eatre consacr\u00e9e \u00e0 la r\u00e9solution des probl\u00e8mes sur Terre. Mais je pense que peut-\u00eatre quelque chose comme 1&nbsp;%, ou moins de 1&nbsp;%, pourrait \u00eatre appliqu\u00e9 \u00e0 l&rsquo;extension de la vie au-del\u00e0 de la Terre \u00bb, a d\u00e9clar\u00e9 Musk dans le premier \u00e9pisode du documentaire Netflix sur le vol. Mais la force motrice de Musk derri\u00e8re les progr\u00e8s de SpaceX a longtemps \u00e9t\u00e9 les plans de colonisation de Mars. \u00ab&nbsp;Si la vie n&rsquo;est faite que de probl\u00e8mes, \u00e0 quoi bon vivre&nbsp;?&nbsp;\u00bb, d\u00e9clare Musk dans le documentaire. La mission Inspiration4 a \u00e9galement \u00e9t\u00e9 l&rsquo;occasion d&rsquo;une collecte de fonds qui a permis de r\u00e9unir plus de 200 millions de dollars pour l\u2019h\u00f4pital St Jude. Musk lui-m\u00eame a contribu\u00e9 \u00e0 hauteur de 50 millions de dollars.<\/p>\n\n\n\n<p>Sources&nbsp;:&nbsp;<a href=\"https:\/\/www.un.org\/sg\/en\/node\/259283\" target=\"_blank\" rel=\"noreferrer noopener\">ONU<\/a>,&nbsp;<a href=\"https:\/\/www.oxfam.org\/en\/press-releases\/billionaires-blast-space-billions-suffer-planet-earth\" target=\"_blank\" rel=\"noreferrer noopener\">Oxfam<\/a>,&nbsp;<a href=\"https:\/\/www.crs.org\/media-center\/current-issues\/hunger-crisis-facts-and-how-help\" target=\"_blank\" rel=\"noreferrer noopener\">Catholic Relief Services<\/a><\/p>\n\n\n\n<p><\/p>\n","protected":false},"excerpt":{"rendered":"<p>Le secr\u00e9taire g\u00e9n\u00e9ral des Nations Unies, Ant\u00f3nio Guterres, a d\u00e9clar\u00e9 aux autres dirigeants mondiaux, lors de son discours d&rsquo;ouverture de l&rsquo;assembl\u00e9e g\u00e9n\u00e9rale des Nations Unies, que la course des milliardaires [&hellip;]<\/p>\n","protected":false},"author":1,"featured_media":2277,"comment_status":"open","ping_status":"open","sticky":false,"template":"","format":"standard","meta":{"footnotes":""},"categories":[21,14,9,10,58,17],"tags":[],"class_list":["post-2274","post","type-post","status-publish","format-standard","has-post-thumbnail","hentry","category-actualite","category-automobile","category-cloud","category-data-stockage","category-e-commerce","category-espace"],"yoast_head":"<!-- This site is optimized with the Yoast SEO plugin v27.4 - https:\/\/yoast.com\/product\/yoast-seo-wordpress\/ -->\n<title>Ant\u00f3nio Guterres, Secr\u00e9taire g\u00e9n\u00e9ral de l&#039;ONU, reproche \u00e0 Jeff Bezos, Elon Musk et Richard Branson de faire des balades dans l&#039;espaceAlors que des millions de personnes ont faim - Parlons Techs - Store<\/title>\n<meta name=\"robots\" content=\"index, follow, max-snippet:-1, max-image-preview:large, max-video-preview:-1\" \/>\n<link rel=\"canonical\" href=\"https:\/\/parlonstechs.com\/all\/2021\/09\/24\/antonio-guterres-secretaire-general-de-lonu-reproche-a-jeff-bezos-elon-musk-et-richard-branson-de-faire-des-balades-dans-lespacealors-que-des-millions-de-personnes-ont-faim\/\" \/>\n<meta property=\"og:locale\" content=\"fr_FR\" \/>\n<meta property=\"og:type\" content=\"article\" \/>\n<meta property=\"og:title\" content=\"Ant\u00f3nio Guterres, Secr\u00e9taire g\u00e9n\u00e9ral de l&#039;ONU, reproche \u00e0 Jeff Bezos, Elon Musk et Richard Branson de faire des balades dans l&#039;espaceAlors que des millions de personnes ont faim - Parlons Techs - Store\" \/>\n<meta property=\"og:description\" content=\"Le secr\u00e9taire g\u00e9n\u00e9ral des Nations Unies, Ant\u00f3nio Guterres, a d\u00e9clar\u00e9 aux autres dirigeants mondiaux, lors de son discours d&rsquo;ouverture de l&rsquo;assembl\u00e9e g\u00e9n\u00e9rale des Nations Unies, que la course des milliardaires [&hellip;]\" \/>\n<meta property=\"og:url\" content=\"https:\/\/parlonstechs.com\/all\/2021\/09\/24\/antonio-guterres-secretaire-general-de-lonu-reproche-a-jeff-bezos-elon-musk-et-richard-branson-de-faire-des-balades-dans-lespacealors-que-des-millions-de-personnes-ont-faim\/\" \/>\n<meta property=\"og:site_name\" content=\"Parlons Techs - Store\" \/>\n<meta property=\"article:published_time\" content=\"2021-09-23T22:39:37+00:00\" \/>\n<meta property=\"article:modified_time\" content=\"2021-09-23T22:44:19+00:00\" \/>\n<meta property=\"og:image\" content=\"https:\/\/parlonstechs.com\/all\/wp-content\/uploads\/2021\/09\/at-34.jpg\" \/>\n\t<meta property=\"og:image:width\" content=\"265\" \/>\n\t<meta property=\"og:image:height\" content=\"119\" \/>\n\t<meta property=\"og:image:type\" content=\"image\/jpeg\" \/>\n<meta name=\"author\" content=\"wisdom\" \/>\n<meta name=\"twitter:card\" content=\"summary_large_image\" \/>\n<meta name=\"twitter:label1\" content=\"\u00c9crit par\" \/>\n\t<meta name=\"twitter:data1\" content=\"wisdom\" \/>\n\t<meta name=\"twitter:label2\" content=\"Dur\u00e9e de lecture estim\u00e9e\" \/>\n\t<meta name=\"twitter:data2\" content=\"6 minutes\" \/>\n<script type=\"application\/ld+json\" class=\"yoast-schema-graph\">{\"@context\":\"https:\\\/\\\/schema.org\",\"@graph\":[{\"@type\":\"Article\",\"@id\":\"https:\\\/\\\/parlonstechs.com\\\/all\\\/2021\\\/09\\\/24\\\/antonio-guterres-secretaire-general-de-lonu-reproche-a-jeff-bezos-elon-musk-et-richard-branson-de-faire-des-balades-dans-lespacealors-que-des-millions-de-personnes-ont-faim\\\/#article\",\"isPartOf\":{\"@id\":\"https:\\\/\\\/parlonstechs.com\\\/all\\\/2021\\\/09\\\/24\\\/antonio-guterres-secretaire-general-de-lonu-reproche-a-jeff-bezos-elon-musk-et-richard-branson-de-faire-des-balades-dans-lespacealors-que-des-millions-de-personnes-ont-faim\\\/\"},\"author\":{\"name\":\"wisdom\",\"@id\":\"https:\\\/\\\/parlonstechs.com\\\/all\\\/#\\\/schema\\\/person\\\/a93526e9c6c72ccb484abb7008892823\"},\"headline\":\"Ant\u00f3nio Guterres, Secr\u00e9taire g\u00e9n\u00e9ral de l&rsquo;ONU, reproche \u00e0 Jeff Bezos, Elon Musk et Richard Branson de faire des balades dans l&rsquo;espaceAlors que des millions de personnes ont faim\",\"datePublished\":\"2021-09-23T22:39:37+00:00\",\"dateModified\":\"2021-09-23T22:44:19+00:00\",\"mainEntityOfPage\":{\"@id\":\"https:\\\/\\\/parlonstechs.com\\\/all\\\/2021\\\/09\\\/24\\\/antonio-guterres-secretaire-general-de-lonu-reproche-a-jeff-bezos-elon-musk-et-richard-branson-de-faire-des-balades-dans-lespacealors-que-des-millions-de-personnes-ont-faim\\\/\"},\"wordCount\":1435,\"commentCount\":0,\"image\":{\"@id\":\"https:\\\/\\\/parlonstechs.com\\\/all\\\/2021\\\/09\\\/24\\\/antonio-guterres-secretaire-general-de-lonu-reproche-a-jeff-bezos-elon-musk-et-richard-branson-de-faire-des-balades-dans-lespacealors-que-des-millions-de-personnes-ont-faim\\\/#primaryimage\"},\"thumbnailUrl\":\"https:\\\/\\\/parlonstechs.com\\\/all\\\/wp-content\\\/uploads\\\/2021\\\/09\\\/at-34.jpg\",\"articleSection\":[\"Actualit\u00e9\",\"Automobile\",\"Cloud\",\"Data &amp; Stockage\",\"E-Commerce\",\"Espace\"],\"inLanguage\":\"fr-FR\",\"potentialAction\":[{\"@type\":\"CommentAction\",\"name\":\"Comment\",\"target\":[\"https:\\\/\\\/parlonstechs.com\\\/all\\\/2021\\\/09\\\/24\\\/antonio-guterres-secretaire-general-de-lonu-reproche-a-jeff-bezos-elon-musk-et-richard-branson-de-faire-des-balades-dans-lespacealors-que-des-millions-de-personnes-ont-faim\\\/#respond\"]}]},{\"@type\":\"WebPage\",\"@id\":\"https:\\\/\\\/parlonstechs.com\\\/all\\\/2021\\\/09\\\/24\\\/antonio-guterres-secretaire-general-de-lonu-reproche-a-jeff-bezos-elon-musk-et-richard-branson-de-faire-des-balades-dans-lespacealors-que-des-millions-de-personnes-ont-faim\\\/\",\"url\":\"https:\\\/\\\/parlonstechs.com\\\/all\\\/2021\\\/09\\\/24\\\/antonio-guterres-secretaire-general-de-lonu-reproche-a-jeff-bezos-elon-musk-et-richard-branson-de-faire-des-balades-dans-lespacealors-que-des-millions-de-personnes-ont-faim\\\/\",\"name\":\"Ant\u00f3nio Guterres, Secr\u00e9taire g\u00e9n\u00e9ral de l'ONU, reproche \u00e0 Jeff Bezos, Elon Musk et Richard Branson de faire des balades dans l'espaceAlors que des millions de personnes ont faim - Parlons Techs - Store\",\"isPartOf\":{\"@id\":\"https:\\\/\\\/parlonstechs.com\\\/all\\\/#website\"},\"primaryImageOfPage\":{\"@id\":\"https:\\\/\\\/parlonstechs.com\\\/all\\\/2021\\\/09\\\/24\\\/antonio-guterres-secretaire-general-de-lonu-reproche-a-jeff-bezos-elon-musk-et-richard-branson-de-faire-des-balades-dans-lespacealors-que-des-millions-de-personnes-ont-faim\\\/#primaryimage\"},\"image\":{\"@id\":\"https:\\\/\\\/parlonstechs.com\\\/all\\\/2021\\\/09\\\/24\\\/antonio-guterres-secretaire-general-de-lonu-reproche-a-jeff-bezos-elon-musk-et-richard-branson-de-faire-des-balades-dans-lespacealors-que-des-millions-de-personnes-ont-faim\\\/#primaryimage\"},\"thumbnailUrl\":\"https:\\\/\\\/parlonstechs.com\\\/all\\\/wp-content\\\/uploads\\\/2021\\\/09\\\/at-34.jpg\",\"datePublished\":\"2021-09-23T22:39:37+00:00\",\"dateModified\":\"2021-09-23T22:44:19+00:00\",\"author\":{\"@id\":\"https:\\\/\\\/parlonstechs.com\\\/all\\\/#\\\/schema\\\/person\\\/a93526e9c6c72ccb484abb7008892823\"},\"breadcrumb\":{\"@id\":\"https:\\\/\\\/parlonstechs.com\\\/all\\\/2021\\\/09\\\/24\\\/antonio-guterres-secretaire-general-de-lonu-reproche-a-jeff-bezos-elon-musk-et-richard-branson-de-faire-des-balades-dans-lespacealors-que-des-millions-de-personnes-ont-faim\\\/#breadcrumb\"},\"inLanguage\":\"fr-FR\",\"potentialAction\":[{\"@type\":\"ReadAction\",\"target\":[\"https:\\\/\\\/parlonstechs.com\\\/all\\\/2021\\\/09\\\/24\\\/antonio-guterres-secretaire-general-de-lonu-reproche-a-jeff-bezos-elon-musk-et-richard-branson-de-faire-des-balades-dans-lespacealors-que-des-millions-de-personnes-ont-faim\\\/\"]}]},{\"@type\":\"ImageObject\",\"inLanguage\":\"fr-FR\",\"@id\":\"https:\\\/\\\/parlonstechs.com\\\/all\\\/2021\\\/09\\\/24\\\/antonio-guterres-secretaire-general-de-lonu-reproche-a-jeff-bezos-elon-musk-et-richard-branson-de-faire-des-balades-dans-lespacealors-que-des-millions-de-personnes-ont-faim\\\/#primaryimage\",\"url\":\"https:\\\/\\\/parlonstechs.com\\\/all\\\/wp-content\\\/uploads\\\/2021\\\/09\\\/at-34.jpg\",\"contentUrl\":\"https:\\\/\\\/parlonstechs.com\\\/all\\\/wp-content\\\/uploads\\\/2021\\\/09\\\/at-34.jpg\",\"width\":265,\"height\":119},{\"@type\":\"BreadcrumbList\",\"@id\":\"https:\\\/\\\/parlonstechs.com\\\/all\\\/2021\\\/09\\\/24\\\/antonio-guterres-secretaire-general-de-lonu-reproche-a-jeff-bezos-elon-musk-et-richard-branson-de-faire-des-balades-dans-lespacealors-que-des-millions-de-personnes-ont-faim\\\/#breadcrumb\",\"itemListElement\":[{\"@type\":\"ListItem\",\"position\":1,\"name\":\"Accueil\",\"item\":\"https:\\\/\\\/parlonstechs.com\\\/all\\\/\"},{\"@type\":\"ListItem\",\"position\":2,\"name\":\"Ant\u00f3nio Guterres, Secr\u00e9taire g\u00e9n\u00e9ral de l&rsquo;ONU, reproche \u00e0 Jeff Bezos, Elon Musk et Richard Branson de faire des balades dans l&rsquo;espaceAlors que des millions de personnes ont faim\"}]},{\"@type\":\"WebSite\",\"@id\":\"https:\\\/\\\/parlonstechs.com\\\/all\\\/#website\",\"url\":\"https:\\\/\\\/parlonstechs.com\\\/all\\\/\",\"name\":\"Parlons Techs - Store\",\"description\":\"Toute L&#039;Actualit\u00e9 sur La Technologie et La Science\",\"potentialAction\":[{\"@type\":\"SearchAction\",\"target\":{\"@type\":\"EntryPoint\",\"urlTemplate\":\"https:\\\/\\\/parlonstechs.com\\\/all\\\/?s={search_term_string}\"},\"query-input\":{\"@type\":\"PropertyValueSpecification\",\"valueRequired\":true,\"valueName\":\"search_term_string\"}}],\"inLanguage\":\"fr-FR\"},{\"@type\":\"Person\",\"@id\":\"https:\\\/\\\/parlonstechs.com\\\/all\\\/#\\\/schema\\\/person\\\/a93526e9c6c72ccb484abb7008892823\",\"name\":\"wisdom\",\"image\":{\"@type\":\"ImageObject\",\"inLanguage\":\"fr-FR\",\"@id\":\"https:\\\/\\\/secure.gravatar.com\\\/avatar\\\/e752642935d05c7ef20c7ff136e0baadd18b8f39f34dbcffed7f1221cb763284?s=96&d=mm&r=g\",\"url\":\"https:\\\/\\\/secure.gravatar.com\\\/avatar\\\/e752642935d05c7ef20c7ff136e0baadd18b8f39f34dbcffed7f1221cb763284?s=96&d=mm&r=g\",\"contentUrl\":\"https:\\\/\\\/secure.gravatar.com\\\/avatar\\\/e752642935d05c7ef20c7ff136e0baadd18b8f39f34dbcffed7f1221cb763284?s=96&d=mm&r=g\",\"caption\":\"wisdom\"},\"sameAs\":[\"https:\\\/\\\/parlonstechs.com\\\/all\"],\"url\":\"https:\\\/\\\/parlonstechs.com\\\/all\\\/author\\\/wisdom\\\/\"}]}<\/script>\n<!-- \/ Yoast SEO plugin. -->","yoast_head_json":{"title":"Ant\u00f3nio Guterres, Secr\u00e9taire g\u00e9n\u00e9ral de l'ONU, reproche \u00e0 Jeff Bezos, Elon Musk et Richard Branson de faire des balades dans l'espaceAlors que des millions de personnes ont faim - Parlons Techs - Store","robots":{"index":"index","follow":"follow","max-snippet":"max-snippet:-1","max-image-preview":"max-image-preview:large","max-video-preview":"max-video-preview:-1"},"canonical":"https:\/\/parlonstechs.com\/all\/2021\/09\/24\/antonio-guterres-secretaire-general-de-lonu-reproche-a-jeff-bezos-elon-musk-et-richard-branson-de-faire-des-balades-dans-lespacealors-que-des-millions-de-personnes-ont-faim\/","og_locale":"fr_FR","og_type":"article","og_title":"Ant\u00f3nio Guterres, Secr\u00e9taire g\u00e9n\u00e9ral de l'ONU, reproche \u00e0 Jeff Bezos, Elon Musk et Richard Branson de faire des balades dans l'espaceAlors que des millions de personnes ont faim - Parlons Techs - Store","og_description":"Le secr\u00e9taire g\u00e9n\u00e9ral des Nations Unies, Ant\u00f3nio Guterres, a d\u00e9clar\u00e9 aux autres dirigeants mondiaux, lors de son discours d&rsquo;ouverture de l&rsquo;assembl\u00e9e g\u00e9n\u00e9rale des Nations Unies, que la course des milliardaires [&hellip;]","og_url":"https:\/\/parlonstechs.com\/all\/2021\/09\/24\/antonio-guterres-secretaire-general-de-lonu-reproche-a-jeff-bezos-elon-musk-et-richard-branson-de-faire-des-balades-dans-lespacealors-que-des-millions-de-personnes-ont-faim\/","og_site_name":"Parlons Techs - Store","article_published_time":"2021-09-23T22:39:37+00:00","article_modified_time":"2021-09-23T22:44:19+00:00","og_image":[{"width":265,"height":119,"url":"https:\/\/parlonstechs.com\/all\/wp-content\/uploads\/2021\/09\/at-34.jpg","type":"image\/jpeg"}],"author":"wisdom","twitter_card":"summary_large_image","twitter_misc":{"\u00c9crit par":"wisdom","Dur\u00e9e de lecture estim\u00e9e":"6 minutes"},"schema":{"@context":"https:\/\/schema.org","@graph":[{"@type":"Article","@id":"https:\/\/parlonstechs.com\/all\/2021\/09\/24\/antonio-guterres-secretaire-general-de-lonu-reproche-a-jeff-bezos-elon-musk-et-richard-branson-de-faire-des-balades-dans-lespacealors-que-des-millions-de-personnes-ont-faim\/#article","isPartOf":{"@id":"https:\/\/parlonstechs.com\/all\/2021\/09\/24\/antonio-guterres-secretaire-general-de-lonu-reproche-a-jeff-bezos-elon-musk-et-richard-branson-de-faire-des-balades-dans-lespacealors-que-des-millions-de-personnes-ont-faim\/"},"author":{"name":"wisdom","@id":"https:\/\/parlonstechs.com\/all\/#\/schema\/person\/a93526e9c6c72ccb484abb7008892823"},"headline":"Ant\u00f3nio Guterres, Secr\u00e9taire g\u00e9n\u00e9ral de l&rsquo;ONU, reproche \u00e0 Jeff Bezos, Elon Musk et Richard Branson de faire des balades dans l&rsquo;espaceAlors que des millions de personnes ont faim","datePublished":"2021-09-23T22:39:37+00:00","dateModified":"2021-09-23T22:44:19+00:00","mainEntityOfPage":{"@id":"https:\/\/parlonstechs.com\/all\/2021\/09\/24\/antonio-guterres-secretaire-general-de-lonu-reproche-a-jeff-bezos-elon-musk-et-richard-branson-de-faire-des-balades-dans-lespacealors-que-des-millions-de-personnes-ont-faim\/"},"wordCount":1435,"commentCount":0,"image":{"@id":"https:\/\/parlonstechs.com\/all\/2021\/09\/24\/antonio-guterres-secretaire-general-de-lonu-reproche-a-jeff-bezos-elon-musk-et-richard-branson-de-faire-des-balades-dans-lespacealors-que-des-millions-de-personnes-ont-faim\/#primaryimage"},"thumbnailUrl":"https:\/\/parlonstechs.com\/all\/wp-content\/uploads\/2021\/09\/at-34.jpg","articleSection":["Actualit\u00e9","Automobile","Cloud","Data &amp; Stockage","E-Commerce","Espace"],"inLanguage":"fr-FR","potentialAction":[{"@type":"CommentAction","name":"Comment","target":["https:\/\/parlonstechs.com\/all\/2021\/09\/24\/antonio-guterres-secretaire-general-de-lonu-reproche-a-jeff-bezos-elon-musk-et-richard-branson-de-faire-des-balades-dans-lespacealors-que-des-millions-de-personnes-ont-faim\/#respond"]}]},{"@type":"WebPage","@id":"https:\/\/parlonstechs.com\/all\/2021\/09\/24\/antonio-guterres-secretaire-general-de-lonu-reproche-a-jeff-bezos-elon-musk-et-richard-branson-de-faire-des-balades-dans-lespacealors-que-des-millions-de-personnes-ont-faim\/","url":"https:\/\/parlonstechs.com\/all\/2021\/09\/24\/antonio-guterres-secretaire-general-de-lonu-reproche-a-jeff-bezos-elon-musk-et-richard-branson-de-faire-des-balades-dans-lespacealors-que-des-millions-de-personnes-ont-faim\/","name":"Ant\u00f3nio Guterres, Secr\u00e9taire g\u00e9n\u00e9ral de l'ONU, reproche \u00e0 Jeff Bezos, Elon Musk et Richard Branson de faire des balades dans l'espaceAlors que des millions de personnes ont faim - Parlons Techs - Store","isPartOf":{"@id":"https:\/\/parlonstechs.com\/all\/#website"},"primaryImageOfPage":{"@id":"https:\/\/parlonstechs.com\/all\/2021\/09\/24\/antonio-guterres-secretaire-general-de-lonu-reproche-a-jeff-bezos-elon-musk-et-richard-branson-de-faire-des-balades-dans-lespacealors-que-des-millions-de-personnes-ont-faim\/#primaryimage"},"image":{"@id":"https:\/\/parlonstechs.com\/all\/2021\/09\/24\/antonio-guterres-secretaire-general-de-lonu-reproche-a-jeff-bezos-elon-musk-et-richard-branson-de-faire-des-balades-dans-lespacealors-que-des-millions-de-personnes-ont-faim\/#primaryimage"},"thumbnailUrl":"https:\/\/parlonstechs.com\/all\/wp-content\/uploads\/2021\/09\/at-34.jpg","datePublished":"2021-09-23T22:39:37+00:00","dateModified":"2021-09-23T22:44:19+00:00","author":{"@id":"https:\/\/parlonstechs.com\/all\/#\/schema\/person\/a93526e9c6c72ccb484abb7008892823"},"breadcrumb":{"@id":"https:\/\/parlonstechs.com\/all\/2021\/09\/24\/antonio-guterres-secretaire-general-de-lonu-reproche-a-jeff-bezos-elon-musk-et-richard-branson-de-faire-des-balades-dans-lespacealors-que-des-millions-de-personnes-ont-faim\/#breadcrumb"},"inLanguage":"fr-FR","potentialAction":[{"@type":"ReadAction","target":["https:\/\/parlonstechs.com\/all\/2021\/09\/24\/antonio-guterres-secretaire-general-de-lonu-reproche-a-jeff-bezos-elon-musk-et-richard-branson-de-faire-des-balades-dans-lespacealors-que-des-millions-de-personnes-ont-faim\/"]}]},{"@type":"ImageObject","inLanguage":"fr-FR","@id":"https:\/\/parlonstechs.com\/all\/2021\/09\/24\/antonio-guterres-secretaire-general-de-lonu-reproche-a-jeff-bezos-elon-musk-et-richard-branson-de-faire-des-balades-dans-lespacealors-que-des-millions-de-personnes-ont-faim\/#primaryimage","url":"https:\/\/parlonstechs.com\/all\/wp-content\/uploads\/2021\/09\/at-34.jpg","contentUrl":"https:\/\/parlonstechs.com\/all\/wp-content\/uploads\/2021\/09\/at-34.jpg","width":265,"height":119},{"@type":"BreadcrumbList","@id":"https:\/\/parlonstechs.com\/all\/2021\/09\/24\/antonio-guterres-secretaire-general-de-lonu-reproche-a-jeff-bezos-elon-musk-et-richard-branson-de-faire-des-balades-dans-lespacealors-que-des-millions-de-personnes-ont-faim\/#breadcrumb","itemListElement":[{"@type":"ListItem","position":1,"name":"Accueil","item":"https:\/\/parlonstechs.com\/all\/"},{"@type":"ListItem","position":2,"name":"Ant\u00f3nio Guterres, Secr\u00e9taire g\u00e9n\u00e9ral de l&rsquo;ONU, reproche \u00e0 Jeff Bezos, Elon Musk et Richard Branson de faire des balades dans l&rsquo;espaceAlors que des millions de personnes ont faim"}]},{"@type":"WebSite","@id":"https:\/\/parlonstechs.com\/all\/#website","url":"https:\/\/parlonstechs.com\/all\/","name":"Parlons Techs - Store","description":"Toute L&#039;Actualit\u00e9 sur La Technologie et La Science","potentialAction":[{"@type":"SearchAction","target":{"@type":"EntryPoint","urlTemplate":"https:\/\/parlonstechs.com\/all\/?s={search_term_string}"},"query-input":{"@type":"PropertyValueSpecification","valueRequired":true,"valueName":"search_term_string"}}],"inLanguage":"fr-FR"},{"@type":"Person","@id":"https:\/\/parlonstechs.com\/all\/#\/schema\/person\/a93526e9c6c72ccb484abb7008892823","name":"wisdom","image":{"@type":"ImageObject","inLanguage":"fr-FR","@id":"https:\/\/secure.gravatar.com\/avatar\/e752642935d05c7ef20c7ff136e0baadd18b8f39f34dbcffed7f1221cb763284?s=96&d=mm&r=g","url":"https:\/\/secure.gravatar.com\/avatar\/e752642935d05c7ef20c7ff136e0baadd18b8f39f34dbcffed7f1221cb763284?s=96&d=mm&r=g","contentUrl":"https:\/\/secure.gravatar.com\/avatar\/e752642935d05c7ef20c7ff136e0baadd18b8f39f34dbcffed7f1221cb763284?s=96&d=mm&r=g","caption":"wisdom"},"sameAs":["https:\/\/parlonstechs.com\/all"],"url":"https:\/\/parlonstechs.com\/all\/author\/wisdom\/"}]}},"_links":{"self":[{"href":"https:\/\/parlonstechs.com\/all\/wp-json\/wp\/v2\/posts\/2274","targetHints":{"allow":["GET"]}}],"collection":[{"href":"https:\/\/parlonstechs.com\/all\/wp-json\/wp\/v2\/posts"}],"about":[{"href":"https:\/\/parlonstechs.com\/all\/wp-json\/wp\/v2\/types\/post"}],"author":[{"embeddable":true,"href":"https:\/\/parlonstechs.com\/all\/wp-json\/wp\/v2\/users\/1"}],"replies":[{"embeddable":true,"href":"https:\/\/parlonstechs.com\/all\/wp-json\/wp\/v2\/comments?post=2274"}],"version-history":[{"count":1,"href":"https:\/\/parlonstechs.com\/all\/wp-json\/wp\/v2\/posts\/2274\/revisions"}],"predecessor-version":[{"id":2276,"href":"https:\/\/parlonstechs.com\/all\/wp-json\/wp\/v2\/posts\/2274\/revisions\/2276"}],"wp:featuredmedia":[{"embeddable":true,"href":"https:\/\/parlonstechs.com\/all\/wp-json\/wp\/v2\/media\/2277"}],"wp:attachment":[{"href":"https:\/\/parlonstechs.com\/all\/wp-json\/wp\/v2\/media?parent=2274"}],"wp:term":[{"taxonomy":"category","embeddable":true,"href":"https:\/\/parlonstechs.com\/all\/wp-json\/wp\/v2\/categories?post=2274"},{"taxonomy":"post_tag","embeddable":true,"href":"https:\/\/parlonstechs.com\/all\/wp-json\/wp\/v2\/tags?post=2274"}],"curies":[{"name":"wp","href":"https:\/\/api.w.org\/{rel}","templated":true}]}}