
{"id":2442,"date":"2021-10-13T23:55:20","date_gmt":"2021-10-13T21:55:20","guid":{"rendered":"https:\/\/parlonstechs.com\/all\/?p=2442"},"modified":"2021-10-14T00:35:49","modified_gmt":"2021-10-13T22:35:49","slug":"spacex-chargee-de-lancer-une-usine-dans-lespace-en-2023","status":"publish","type":"post","link":"https:\/\/parlonstechs.com\/all\/2021\/10\/13\/spacex-chargee-de-lancer-une-usine-dans-lespace-en-2023\/","title":{"rendered":"SpaceX charg\u00e9e de lancer une \u00ab usine \u00bb dans l\u2019espace en 2023"},"content":{"rendered":"\n<figure class=\"wp-block-image size-large\"><img loading=\"lazy\" decoding=\"async\" width=\"1024\" height=\"683\" src=\"https:\/\/parlonstechs.com\/all\/wp-content\/uploads\/2021\/10\/space-1024x683.jpg\" alt=\"\" class=\"wp-image-2446\" srcset=\"https:\/\/parlonstechs.com\/all\/wp-content\/uploads\/2021\/10\/space-1024x683.jpg 1024w, https:\/\/parlonstechs.com\/all\/wp-content\/uploads\/2021\/10\/space-300x200.jpg 300w, https:\/\/parlonstechs.com\/all\/wp-content\/uploads\/2021\/10\/space-768x512.jpg 768w, https:\/\/parlonstechs.com\/all\/wp-content\/uploads\/2021\/10\/space-1536x1024.jpg 1536w, https:\/\/parlonstechs.com\/all\/wp-content\/uploads\/2021\/10\/space-180x120.jpg 180w, https:\/\/parlonstechs.com\/all\/wp-content\/uploads\/2021\/10\/space.jpg 1800w\" sizes=\"auto, (max-width: 1024px) 100vw, 1024px\" \/><\/figure>\n\n\n\n<p style=\"font-size:24px\"><strong>Varda Space Industries, une start-up am\u00e9ricaine a pr\u00e9vu de d\u00e9ployer une usine en orbite autour de la Terre. L\u2019objectif affich\u00e9\u2009: b\u00e9n\u00e9ficier des conditions de fabrication en micropesanteur.\u00a0C\u2019est la soci\u00e9t\u00e9 SpaceX qui sera charg\u00e9e d\u2019envoyer le premier \u00e9l\u00e9ment de l\u2019usine d\u00e9but 2023.<\/strong><\/p>\n\n\n\n<p>Une start-up am\u00e9ricaine a le projet de lancer\u00a0une usine dans l\u2019espace. <a href=\"https:\/\/varda.com\/\" target=\"_blank\" rel=\"noreferrer noopener\">Varda Space Industries<\/a> compte en effet d\u00e9ployer et utiliser une usine en orbite autour de la Terre, rapporte\u00a0<em><a href=\"https:\/\/www.numerama.com\/sciences\/746774-spacex-lancera-une-usine-dans-lespace-en-2023.html\" target=\"_blank\" rel=\"noreferrer noopener\">Numerama<\/a><\/em>, ce mardi 12\u00a0octobre. L\u2019objectif est de b\u00e9n\u00e9ficier des conditions de fabrication en micropesanteur. Pour atteindre son objectif \u00e0 l\u2019horizon 2023, la start-up va utiliser une fus\u00e9e Falcon 9 de SpaceX.<\/p>\n\n\n\n<p>Apr\u00e8s le d\u00e9collage et la mise en orbite de l\u2019usine, celle-ci va y rester suffisamment de temps pour que la micropesanteur se d\u00e9veloppe. Trois mois apr\u00e8s, une capsule de rentr\u00e9e atmosph\u00e9rique reviendra sur Terre avec le mat\u00e9riel fabriqu\u00e9 en orbite, pr\u00e9cise <em><a href=\"https:\/\/spacenews.com\/varda-space-selects-spacex-for-launch-of-first-space-manufacturing-satellite\/\" target=\"_blank\" rel=\"noreferrer noopener\">SpaceNews<\/a><\/em>. La quantit\u00e9 de mat\u00e9riel qui reviendrait sur Terre oscillerait entre 40 et 60\u2009kg.<\/p>\n\n\n\n<h2 class=\"wp-block-heading\">Des organes bio-imprim\u00e9s ou des semi-conducteurs sp\u00e9cialis\u00e9s<\/h2>\n\n\n\n<p>Que va donc fabriquer cette usine envoy\u00e9e dans l\u2019espace\u2009? Selon <em><a href=\"https:\/\/techcrunch.com\/2021\/10\/11\/varda-space-industries-will-send-its-first-space-factory-to-orbit-on-a-spacex-falcon-9-rocket\/\" target=\"_blank\" rel=\"noreferrer noopener\">Techcrunch<\/a><\/em>, il serait\u00a0question de nouveaux mat\u00e9riaux, comme des organes bio-imprim\u00e9s ou des semi-conducteurs sp\u00e9cialis\u00e9s. D\u2019ici 2023, la start-up am\u00e9ricaine estime que le march\u00e9 pour ce type de mat\u00e9riaux aura justifi\u00e9 cet investissement. Toutefois, une difficult\u00e9 est \u00e0 prendre en compte. Le fonctionnement d\u2019une usine dans l\u2019espace est directement li\u00e9 \u00e0 ses instruments, qui ne doivent pas conna\u00eetre le moindre d\u00e9r\u00e8glement et \u00eatre totalement op\u00e9rationnels une fois en place.Des d\u00e9r\u00e8glements qui pourraient par exemple avoir lieu lors du d\u00e9collage. SpaceX se chargera ainsi du premier lancement. Si tout se passe comme pr\u00e9vu, les deux lancements suivants seront conduits par une soci\u00e9t\u00e9 rivale de la firme d\u2019Elon Musk, Rocket Lab.\u00a0Ils permettront notamment de finaliser l\u2019assemblage de l\u2019usine. Par ailleurs, le vol qui est pr\u00e9vu au premier trimestre 2023 est mutualis\u00e9. SpaceX va embarquer le mat\u00e9riel de plusieurs clients et a promis de r\u00e9duire le co\u00fbt de lancement \u00e0 un million de dollars par client.<\/p>\n\n\n\n<p>avec Ouest France<\/p>\n","protected":false},"excerpt":{"rendered":"<p>Varda Space Industries, une start-up am\u00e9ricaine a pr\u00e9vu de d\u00e9ployer une usine en orbite autour de la Terre. L\u2019objectif affich\u00e9\u2009: b\u00e9n\u00e9ficier des conditions de fabrication en micropesanteur.\u00a0C\u2019est la soci\u00e9t\u00e9 SpaceX [&hellip;]<\/p>\n","protected":false},"author":1,"featured_media":2448,"comment_status":"open","ping_status":"open","sticky":false,"template":"","format":"standard","meta":{"footnotes":""},"categories":[21,17,18],"tags":[],"class_list":["post-2442","post","type-post","status-publish","format-standard","has-post-thumbnail","hentry","category-actualite","category-espace","category-sciences"],"yoast_head":"<!-- This site is optimized with the Yoast SEO plugin v27.4 - https:\/\/yoast.com\/product\/yoast-seo-wordpress\/ -->\n<title>SpaceX charg\u00e9e de lancer une \u00ab usine \u00bb dans l\u2019espace en 2023 - Parlons Techs - Store<\/title>\n<meta name=\"robots\" content=\"index, follow, max-snippet:-1, max-image-preview:large, max-video-preview:-1\" \/>\n<link rel=\"canonical\" href=\"https:\/\/parlonstechs.com\/all\/2021\/10\/13\/spacex-chargee-de-lancer-une-usine-dans-lespace-en-2023\/\" \/>\n<meta property=\"og:locale\" content=\"fr_FR\" \/>\n<meta property=\"og:type\" content=\"article\" \/>\n<meta property=\"og:title\" content=\"SpaceX charg\u00e9e de lancer une \u00ab usine \u00bb dans l\u2019espace en 2023 - Parlons Techs - Store\" \/>\n<meta property=\"og:description\" content=\"Varda Space Industries, une start-up am\u00e9ricaine a pr\u00e9vu de d\u00e9ployer une usine en orbite autour de la Terre. L\u2019objectif affich\u00e9\u2009: b\u00e9n\u00e9ficier des conditions de fabrication en micropesanteur.\u00a0C\u2019est la soci\u00e9t\u00e9 SpaceX [&hellip;]\" \/>\n<meta property=\"og:url\" content=\"https:\/\/parlonstechs.com\/all\/2021\/10\/13\/spacex-chargee-de-lancer-une-usine-dans-lespace-en-2023\/\" \/>\n<meta property=\"og:site_name\" content=\"Parlons Techs - Store\" \/>\n<meta property=\"article:published_time\" content=\"2021-10-13T21:55:20+00:00\" \/>\n<meta property=\"article:modified_time\" content=\"2021-10-13T22:35:49+00:00\" \/>\n<meta property=\"og:image\" content=\"https:\/\/parlonstechs.com\/all\/wp-content\/uploads\/2021\/10\/at-19.jpg\" \/>\n\t<meta property=\"og:image:width\" content=\"265\" \/>\n\t<meta property=\"og:image:height\" content=\"119\" \/>\n\t<meta property=\"og:image:type\" content=\"image\/jpeg\" \/>\n<meta name=\"author\" content=\"wisdom\" \/>\n<meta name=\"twitter:card\" content=\"summary_large_image\" \/>\n<meta name=\"twitter:label1\" content=\"\u00c9crit par\" \/>\n\t<meta name=\"twitter:data1\" content=\"wisdom\" \/>\n\t<meta name=\"twitter:label2\" content=\"Dur\u00e9e de lecture estim\u00e9e\" \/>\n\t<meta name=\"twitter:data2\" content=\"2 minutes\" \/>\n<script type=\"application\/ld+json\" class=\"yoast-schema-graph\">{\"@context\":\"https:\\\/\\\/schema.org\",\"@graph\":[{\"@type\":\"Article\",\"@id\":\"https:\\\/\\\/parlonstechs.com\\\/all\\\/2021\\\/10\\\/13\\\/spacex-chargee-de-lancer-une-usine-dans-lespace-en-2023\\\/#article\",\"isPartOf\":{\"@id\":\"https:\\\/\\\/parlonstechs.com\\\/all\\\/2021\\\/10\\\/13\\\/spacex-chargee-de-lancer-une-usine-dans-lespace-en-2023\\\/\"},\"author\":{\"name\":\"wisdom\",\"@id\":\"https:\\\/\\\/parlonstechs.com\\\/all\\\/#\\\/schema\\\/person\\\/a93526e9c6c72ccb484abb7008892823\"},\"headline\":\"SpaceX charg\u00e9e de lancer une \u00ab usine \u00bb dans l\u2019espace en 2023\",\"datePublished\":\"2021-10-13T21:55:20+00:00\",\"dateModified\":\"2021-10-13T22:35:49+00:00\",\"mainEntityOfPage\":{\"@id\":\"https:\\\/\\\/parlonstechs.com\\\/all\\\/2021\\\/10\\\/13\\\/spacex-chargee-de-lancer-une-usine-dans-lespace-en-2023\\\/\"},\"wordCount\":395,\"commentCount\":0,\"image\":{\"@id\":\"https:\\\/\\\/parlonstechs.com\\\/all\\\/2021\\\/10\\\/13\\\/spacex-chargee-de-lancer-une-usine-dans-lespace-en-2023\\\/#primaryimage\"},\"thumbnailUrl\":\"https:\\\/\\\/parlonstechs.com\\\/all\\\/wp-content\\\/uploads\\\/2021\\\/10\\\/at-19.jpg\",\"articleSection\":[\"Actualit\u00e9\",\"Espace\",\"Sciences\"],\"inLanguage\":\"fr-FR\",\"potentialAction\":[{\"@type\":\"CommentAction\",\"name\":\"Comment\",\"target\":[\"https:\\\/\\\/parlonstechs.com\\\/all\\\/2021\\\/10\\\/13\\\/spacex-chargee-de-lancer-une-usine-dans-lespace-en-2023\\\/#respond\"]}]},{\"@type\":\"WebPage\",\"@id\":\"https:\\\/\\\/parlonstechs.com\\\/all\\\/2021\\\/10\\\/13\\\/spacex-chargee-de-lancer-une-usine-dans-lespace-en-2023\\\/\",\"url\":\"https:\\\/\\\/parlonstechs.com\\\/all\\\/2021\\\/10\\\/13\\\/spacex-chargee-de-lancer-une-usine-dans-lespace-en-2023\\\/\",\"name\":\"SpaceX charg\u00e9e de lancer une \u00ab usine \u00bb dans l\u2019espace en 2023 - Parlons Techs - Store\",\"isPartOf\":{\"@id\":\"https:\\\/\\\/parlonstechs.com\\\/all\\\/#website\"},\"primaryImageOfPage\":{\"@id\":\"https:\\\/\\\/parlonstechs.com\\\/all\\\/2021\\\/10\\\/13\\\/spacex-chargee-de-lancer-une-usine-dans-lespace-en-2023\\\/#primaryimage\"},\"image\":{\"@id\":\"https:\\\/\\\/parlonstechs.com\\\/all\\\/2021\\\/10\\\/13\\\/spacex-chargee-de-lancer-une-usine-dans-lespace-en-2023\\\/#primaryimage\"},\"thumbnailUrl\":\"https:\\\/\\\/parlonstechs.com\\\/all\\\/wp-content\\\/uploads\\\/2021\\\/10\\\/at-19.jpg\",\"datePublished\":\"2021-10-13T21:55:20+00:00\",\"dateModified\":\"2021-10-13T22:35:49+00:00\",\"author\":{\"@id\":\"https:\\\/\\\/parlonstechs.com\\\/all\\\/#\\\/schema\\\/person\\\/a93526e9c6c72ccb484abb7008892823\"},\"breadcrumb\":{\"@id\":\"https:\\\/\\\/parlonstechs.com\\\/all\\\/2021\\\/10\\\/13\\\/spacex-chargee-de-lancer-une-usine-dans-lespace-en-2023\\\/#breadcrumb\"},\"inLanguage\":\"fr-FR\",\"potentialAction\":[{\"@type\":\"ReadAction\",\"target\":[\"https:\\\/\\\/parlonstechs.com\\\/all\\\/2021\\\/10\\\/13\\\/spacex-chargee-de-lancer-une-usine-dans-lespace-en-2023\\\/\"]}]},{\"@type\":\"ImageObject\",\"inLanguage\":\"fr-FR\",\"@id\":\"https:\\\/\\\/parlonstechs.com\\\/all\\\/2021\\\/10\\\/13\\\/spacex-chargee-de-lancer-une-usine-dans-lespace-en-2023\\\/#primaryimage\",\"url\":\"https:\\\/\\\/parlonstechs.com\\\/all\\\/wp-content\\\/uploads\\\/2021\\\/10\\\/at-19.jpg\",\"contentUrl\":\"https:\\\/\\\/parlonstechs.com\\\/all\\\/wp-content\\\/uploads\\\/2021\\\/10\\\/at-19.jpg\",\"width\":265,\"height\":119},{\"@type\":\"BreadcrumbList\",\"@id\":\"https:\\\/\\\/parlonstechs.com\\\/all\\\/2021\\\/10\\\/13\\\/spacex-chargee-de-lancer-une-usine-dans-lespace-en-2023\\\/#breadcrumb\",\"itemListElement\":[{\"@type\":\"ListItem\",\"position\":1,\"name\":\"Accueil\",\"item\":\"https:\\\/\\\/parlonstechs.com\\\/all\\\/\"},{\"@type\":\"ListItem\",\"position\":2,\"name\":\"SpaceX charg\u00e9e de lancer une \u00ab usine \u00bb dans l\u2019espace en 2023\"}]},{\"@type\":\"WebSite\",\"@id\":\"https:\\\/\\\/parlonstechs.com\\\/all\\\/#website\",\"url\":\"https:\\\/\\\/parlonstechs.com\\\/all\\\/\",\"name\":\"Parlons Techs - Store\",\"description\":\"Toute L&#039;Actualit\u00e9 sur La Technologie et La Science\",\"potentialAction\":[{\"@type\":\"SearchAction\",\"target\":{\"@type\":\"EntryPoint\",\"urlTemplate\":\"https:\\\/\\\/parlonstechs.com\\\/all\\\/?s={search_term_string}\"},\"query-input\":{\"@type\":\"PropertyValueSpecification\",\"valueRequired\":true,\"valueName\":\"search_term_string\"}}],\"inLanguage\":\"fr-FR\"},{\"@type\":\"Person\",\"@id\":\"https:\\\/\\\/parlonstechs.com\\\/all\\\/#\\\/schema\\\/person\\\/a93526e9c6c72ccb484abb7008892823\",\"name\":\"wisdom\",\"image\":{\"@type\":\"ImageObject\",\"inLanguage\":\"fr-FR\",\"@id\":\"https:\\\/\\\/secure.gravatar.com\\\/avatar\\\/e752642935d05c7ef20c7ff136e0baadd18b8f39f34dbcffed7f1221cb763284?s=96&d=mm&r=g\",\"url\":\"https:\\\/\\\/secure.gravatar.com\\\/avatar\\\/e752642935d05c7ef20c7ff136e0baadd18b8f39f34dbcffed7f1221cb763284?s=96&d=mm&r=g\",\"contentUrl\":\"https:\\\/\\\/secure.gravatar.com\\\/avatar\\\/e752642935d05c7ef20c7ff136e0baadd18b8f39f34dbcffed7f1221cb763284?s=96&d=mm&r=g\",\"caption\":\"wisdom\"},\"sameAs\":[\"https:\\\/\\\/parlonstechs.com\\\/all\"],\"url\":\"https:\\\/\\\/parlonstechs.com\\\/all\\\/author\\\/wisdom\\\/\"}]}<\/script>\n<!-- \/ Yoast SEO plugin. -->","yoast_head_json":{"title":"SpaceX charg\u00e9e de lancer une \u00ab usine \u00bb dans l\u2019espace en 2023 - Parlons Techs - Store","robots":{"index":"index","follow":"follow","max-snippet":"max-snippet:-1","max-image-preview":"max-image-preview:large","max-video-preview":"max-video-preview:-1"},"canonical":"https:\/\/parlonstechs.com\/all\/2021\/10\/13\/spacex-chargee-de-lancer-une-usine-dans-lespace-en-2023\/","og_locale":"fr_FR","og_type":"article","og_title":"SpaceX charg\u00e9e de lancer une \u00ab usine \u00bb dans l\u2019espace en 2023 - Parlons Techs - Store","og_description":"Varda Space Industries, une start-up am\u00e9ricaine a pr\u00e9vu de d\u00e9ployer une usine en orbite autour de la Terre. L\u2019objectif affich\u00e9\u2009: b\u00e9n\u00e9ficier des conditions de fabrication en micropesanteur.\u00a0C\u2019est la soci\u00e9t\u00e9 SpaceX [&hellip;]","og_url":"https:\/\/parlonstechs.com\/all\/2021\/10\/13\/spacex-chargee-de-lancer-une-usine-dans-lespace-en-2023\/","og_site_name":"Parlons Techs - Store","article_published_time":"2021-10-13T21:55:20+00:00","article_modified_time":"2021-10-13T22:35:49+00:00","og_image":[{"width":265,"height":119,"url":"https:\/\/parlonstechs.com\/all\/wp-content\/uploads\/2021\/10\/at-19.jpg","type":"image\/jpeg"}],"author":"wisdom","twitter_card":"summary_large_image","twitter_misc":{"\u00c9crit par":"wisdom","Dur\u00e9e de lecture estim\u00e9e":"2 minutes"},"schema":{"@context":"https:\/\/schema.org","@graph":[{"@type":"Article","@id":"https:\/\/parlonstechs.com\/all\/2021\/10\/13\/spacex-chargee-de-lancer-une-usine-dans-lespace-en-2023\/#article","isPartOf":{"@id":"https:\/\/parlonstechs.com\/all\/2021\/10\/13\/spacex-chargee-de-lancer-une-usine-dans-lespace-en-2023\/"},"author":{"name":"wisdom","@id":"https:\/\/parlonstechs.com\/all\/#\/schema\/person\/a93526e9c6c72ccb484abb7008892823"},"headline":"SpaceX charg\u00e9e de lancer une \u00ab usine \u00bb dans l\u2019espace en 2023","datePublished":"2021-10-13T21:55:20+00:00","dateModified":"2021-10-13T22:35:49+00:00","mainEntityOfPage":{"@id":"https:\/\/parlonstechs.com\/all\/2021\/10\/13\/spacex-chargee-de-lancer-une-usine-dans-lespace-en-2023\/"},"wordCount":395,"commentCount":0,"image":{"@id":"https:\/\/parlonstechs.com\/all\/2021\/10\/13\/spacex-chargee-de-lancer-une-usine-dans-lespace-en-2023\/#primaryimage"},"thumbnailUrl":"https:\/\/parlonstechs.com\/all\/wp-content\/uploads\/2021\/10\/at-19.jpg","articleSection":["Actualit\u00e9","Espace","Sciences"],"inLanguage":"fr-FR","potentialAction":[{"@type":"CommentAction","name":"Comment","target":["https:\/\/parlonstechs.com\/all\/2021\/10\/13\/spacex-chargee-de-lancer-une-usine-dans-lespace-en-2023\/#respond"]}]},{"@type":"WebPage","@id":"https:\/\/parlonstechs.com\/all\/2021\/10\/13\/spacex-chargee-de-lancer-une-usine-dans-lespace-en-2023\/","url":"https:\/\/parlonstechs.com\/all\/2021\/10\/13\/spacex-chargee-de-lancer-une-usine-dans-lespace-en-2023\/","name":"SpaceX charg\u00e9e de lancer une \u00ab usine \u00bb dans l\u2019espace en 2023 - Parlons Techs - Store","isPartOf":{"@id":"https:\/\/parlonstechs.com\/all\/#website"},"primaryImageOfPage":{"@id":"https:\/\/parlonstechs.com\/all\/2021\/10\/13\/spacex-chargee-de-lancer-une-usine-dans-lespace-en-2023\/#primaryimage"},"image":{"@id":"https:\/\/parlonstechs.com\/all\/2021\/10\/13\/spacex-chargee-de-lancer-une-usine-dans-lespace-en-2023\/#primaryimage"},"thumbnailUrl":"https:\/\/parlonstechs.com\/all\/wp-content\/uploads\/2021\/10\/at-19.jpg","datePublished":"2021-10-13T21:55:20+00:00","dateModified":"2021-10-13T22:35:49+00:00","author":{"@id":"https:\/\/parlonstechs.com\/all\/#\/schema\/person\/a93526e9c6c72ccb484abb7008892823"},"breadcrumb":{"@id":"https:\/\/parlonstechs.com\/all\/2021\/10\/13\/spacex-chargee-de-lancer-une-usine-dans-lespace-en-2023\/#breadcrumb"},"inLanguage":"fr-FR","potentialAction":[{"@type":"ReadAction","target":["https:\/\/parlonstechs.com\/all\/2021\/10\/13\/spacex-chargee-de-lancer-une-usine-dans-lespace-en-2023\/"]}]},{"@type":"ImageObject","inLanguage":"fr-FR","@id":"https:\/\/parlonstechs.com\/all\/2021\/10\/13\/spacex-chargee-de-lancer-une-usine-dans-lespace-en-2023\/#primaryimage","url":"https:\/\/parlonstechs.com\/all\/wp-content\/uploads\/2021\/10\/at-19.jpg","contentUrl":"https:\/\/parlonstechs.com\/all\/wp-content\/uploads\/2021\/10\/at-19.jpg","width":265,"height":119},{"@type":"BreadcrumbList","@id":"https:\/\/parlonstechs.com\/all\/2021\/10\/13\/spacex-chargee-de-lancer-une-usine-dans-lespace-en-2023\/#breadcrumb","itemListElement":[{"@type":"ListItem","position":1,"name":"Accueil","item":"https:\/\/parlonstechs.com\/all\/"},{"@type":"ListItem","position":2,"name":"SpaceX charg\u00e9e de lancer une \u00ab usine \u00bb dans l\u2019espace en 2023"}]},{"@type":"WebSite","@id":"https:\/\/parlonstechs.com\/all\/#website","url":"https:\/\/parlonstechs.com\/all\/","name":"Parlons Techs - Store","description":"Toute L&#039;Actualit\u00e9 sur La Technologie et La Science","potentialAction":[{"@type":"SearchAction","target":{"@type":"EntryPoint","urlTemplate":"https:\/\/parlonstechs.com\/all\/?s={search_term_string}"},"query-input":{"@type":"PropertyValueSpecification","valueRequired":true,"valueName":"search_term_string"}}],"inLanguage":"fr-FR"},{"@type":"Person","@id":"https:\/\/parlonstechs.com\/all\/#\/schema\/person\/a93526e9c6c72ccb484abb7008892823","name":"wisdom","image":{"@type":"ImageObject","inLanguage":"fr-FR","@id":"https:\/\/secure.gravatar.com\/avatar\/e752642935d05c7ef20c7ff136e0baadd18b8f39f34dbcffed7f1221cb763284?s=96&d=mm&r=g","url":"https:\/\/secure.gravatar.com\/avatar\/e752642935d05c7ef20c7ff136e0baadd18b8f39f34dbcffed7f1221cb763284?s=96&d=mm&r=g","contentUrl":"https:\/\/secure.gravatar.com\/avatar\/e752642935d05c7ef20c7ff136e0baadd18b8f39f34dbcffed7f1221cb763284?s=96&d=mm&r=g","caption":"wisdom"},"sameAs":["https:\/\/parlonstechs.com\/all"],"url":"https:\/\/parlonstechs.com\/all\/author\/wisdom\/"}]}},"_links":{"self":[{"href":"https:\/\/parlonstechs.com\/all\/wp-json\/wp\/v2\/posts\/2442","targetHints":{"allow":["GET"]}}],"collection":[{"href":"https:\/\/parlonstechs.com\/all\/wp-json\/wp\/v2\/posts"}],"about":[{"href":"https:\/\/parlonstechs.com\/all\/wp-json\/wp\/v2\/types\/post"}],"author":[{"embeddable":true,"href":"https:\/\/parlonstechs.com\/all\/wp-json\/wp\/v2\/users\/1"}],"replies":[{"embeddable":true,"href":"https:\/\/parlonstechs.com\/all\/wp-json\/wp\/v2\/comments?post=2442"}],"version-history":[{"count":4,"href":"https:\/\/parlonstechs.com\/all\/wp-json\/wp\/v2\/posts\/2442\/revisions"}],"predecessor-version":[{"id":2447,"href":"https:\/\/parlonstechs.com\/all\/wp-json\/wp\/v2\/posts\/2442\/revisions\/2447"}],"wp:featuredmedia":[{"embeddable":true,"href":"https:\/\/parlonstechs.com\/all\/wp-json\/wp\/v2\/media\/2448"}],"wp:attachment":[{"href":"https:\/\/parlonstechs.com\/all\/wp-json\/wp\/v2\/media?parent=2442"}],"wp:term":[{"taxonomy":"category","embeddable":true,"href":"https:\/\/parlonstechs.com\/all\/wp-json\/wp\/v2\/categories?post=2442"},{"taxonomy":"post_tag","embeddable":true,"href":"https:\/\/parlonstechs.com\/all\/wp-json\/wp\/v2\/tags?post=2442"}],"curies":[{"name":"wp","href":"https:\/\/api.w.org\/{rel}","templated":true}]}}