
{"id":2755,"date":"2022-03-20T06:51:22","date_gmt":"2022-03-20T05:51:22","guid":{"rendered":"https:\/\/parlonstechs.com\/all\/?p=2755"},"modified":"2022-03-20T06:51:22","modified_gmt":"2022-03-20T05:51:22","slug":"lalgerie-accuse-des-hackers-marocains-davoir-pirate-le-compte-twitter-du-ministere-de-la-justice","status":"publish","type":"post","link":"https:\/\/parlonstechs.com\/all\/2022\/03\/20\/lalgerie-accuse-des-hackers-marocains-davoir-pirate-le-compte-twitter-du-ministere-de-la-justice\/","title":{"rendered":"L&rsquo;Alg\u00e9rie accuse des hackers marocains d\u2019avoir pirat\u00e9 le compte Twitter du minist\u00e8re de la Justice"},"content":{"rendered":"\n<figure class=\"wp-block-image\"><img decoding=\"async\" src=\"https:\/\/img-s-msn-com.akamaized.net\/tenant\/amp\/entityid\/AAV0AaY.img?h=390&amp;w=624&amp;m=6&amp;q=60&amp;o=f&amp;l=f\" alt=\"\"\/><\/figure>\n\n\n\n<p class=\"has-large-font-size\"><strong>Le minist\u00e8re alg\u00e9rien de la Justice a accus\u00e9, samedi 12 Mars 2022, des hackers marocains d\u2019avoir pirat\u00e9 son compte Twitter.<\/strong><\/p>\n\n\n\n<p>Le compte officiel sur le r\u00e9seau social avait publi\u00e9, vendredi, des messages soutenant l\u2019op\u00e9ration militaire russe en Ukraine et accusant le pr\u00e9sident ukrainien Volodymyr Zelensky de \u00abnazisme et du meurtre de ses propres citoyens\u00bb, avant d\u2019\u00eatre supprim\u00e9s.<\/p>\n\n\n\n<p>Dans un communiqu\u00e9, publi\u00e9 sur Twitter et relay\u00e9 par <a href=\"https:\/\/www.facebook.com\/photo.php?fbid=332729552217453&amp;set=a.253050903518652&amp;type=3&amp;_rdc=1&amp;_rdr\" target=\"_blank\" rel=\"noreferrer noopener\">Radio Alg\u00e9rie<\/a>, le d\u00e9partement a d\u00e9nonc\u00e9 des \u00abpublications qui sont attribu\u00e9es \u00e0 l&rsquo;Alg\u00e9rie et qui portent atteinte \u00e0 ses positions internationales\u00bb. Le minist\u00e8re de la Justice a \u00e9galement annonc\u00e9 qu\u2019il portera plainte contre cette cyberattaque visant une institution officielle.<\/p>\n\n\n\n<blockquote class=\"wp-block-quote is-layout-flow wp-block-quote-is-layout-flow\"><p>\u062a\u0639\u0631\u0636 \u062d\u0633\u0627\u0628 \u0627\u0644\u062a\u0648\u064a\u062a\u0631 \u0644\u0648\u0632\u0627\u0631\u0629 \u0627\u0644\u0639\u062f\u0644 \u064a\u0648\u0645 \u0627\u0644\u062c\u0645\u0639\u0629 11 \u0645\u0627\u0631\u0633 2022 \u0644\u0639\u0645\u0644\u064a\u0629 \u0627\u062e\u062a\u0631\u0627\u0642\u060c \u062a\u0645 \u0648\u0636\u0639 \u062d\u062f \u0644\u0647\u0627 \u0641\u064a \u0627\u0644\u062d\u064a\u0646 \u0645\u0646 \u0637\u0631\u0641 \u0645\u0635\u0627\u0644\u062d\u0647\u0627. \u0648\u0639\u0644\u064a\u0647 \u0641\u0625\u0646\u0647\u0627 \u062a\u062a\u0628\u0631\u0623 \u0645\u0646 \u0627\u0644\u0645\u062d\u062a\u0648\u0649 \u0627\u0644\u0645\u0646\u0634\u0648\u0631. \u2014 \u0648\u0632\u0627\u0631\u0629 \u0627\u0644\u0639\u062f\u0644 -\u0627\u0644\u062c\u0632\u0627\u0626\u0631 Minist\u00e8re de la Justice (@Mjustice_gov_dz) <a href=\"https:\/\/twitter.com\/Mjustice_gov_dz\/status\/1502327125793202178?ref_src=twsrc%5Etfw\" target=\"_blank\" rel=\"noreferrer noopener\">March 11, 2022<\/a><\/p><\/blockquote>\n\n\n\n<p>Le m\u00eame jour, le parquet de la R\u00e9publique a ordonn\u00e9 l&rsquo;ouverture d&rsquo;une enqu\u00eate pr\u00e9liminaire sur l&rsquo;incident. \u00abSuite au piratage du compte Twitter du minist\u00e8re de la Justice, vendredi 11 mars 2022 et en application des dispositions de l&rsquo;article 11 du code de proc\u00e9dure p\u00e9nale, le Parquet g\u00e9n\u00e9ral de la cour d&rsquo;Alger tient \u00e0 informer l&rsquo;opinion publique que le parquet de la R\u00e9publique pr\u00e8s le tribunal de Bir Mourad Rais a ordonn\u00e9 l&rsquo;ouverture d&rsquo;une enqu\u00eate pr\u00e9liminaire pour investiguer sur cet incident\u00bb, indique-t-il dans un communiqu\u00e9.<\/p>\n\n\n\n<p>Celui-ci pr\u00e9cise que \u00abla mission d&rsquo;investigation a \u00e9t\u00e9 confi\u00e9e aux services de la police judiciaire sp\u00e9cialis\u00e9s dans la lutte contre la cybercriminalit\u00e9\u00bb, promettant \u00e0 l&rsquo;opinion publique qu\u2019elle \u00absera inform\u00e9e des r\u00e9sultats des investigations en temps voulu\u00bb.<\/p>\n\n\n\n<p>A rappeler qu\u2019en d\u00e9cembre 2020, plusieurs sites alg\u00e9riens, dont notamment certains en lien avec le gouvernement du pays, avaient \u00e9t\u00e9 pris pour cibles par des hackers marocains.<\/p>\n\n\n\n<p>avec yabiladi<\/p>\n","protected":false},"excerpt":{"rendered":"<p>Le minist\u00e8re alg\u00e9rien de la Justice a accus\u00e9, samedi 12 Mars 2022, des hackers marocains d\u2019avoir pirat\u00e9 son compte Twitter. Le compte officiel sur le r\u00e9seau social avait publi\u00e9, vendredi, [&hellip;]<\/p>\n","protected":false},"author":1,"featured_media":2756,"comment_status":"open","ping_status":"open","sticky":false,"template":"","format":"standard","meta":{"footnotes":""},"categories":[21,7,11],"tags":[],"class_list":["post-2755","post","type-post","status-publish","format-standard","has-post-thumbnail","hentry","category-actualite","category-afrique","category-cybersecurite"],"yoast_head":"<!-- This site is optimized with the Yoast SEO plugin v27.4 - https:\/\/yoast.com\/product\/yoast-seo-wordpress\/ -->\n<title>L&#039;Alg\u00e9rie accuse des hackers marocains d\u2019avoir pirat\u00e9 le compte Twitter du minist\u00e8re de la Justice - Parlons Techs - Store<\/title>\n<meta name=\"robots\" content=\"index, follow, max-snippet:-1, max-image-preview:large, max-video-preview:-1\" \/>\n<link rel=\"canonical\" href=\"https:\/\/parlonstechs.com\/all\/2022\/03\/20\/lalgerie-accuse-des-hackers-marocains-davoir-pirate-le-compte-twitter-du-ministere-de-la-justice\/\" \/>\n<meta property=\"og:locale\" content=\"fr_FR\" \/>\n<meta property=\"og:type\" content=\"article\" \/>\n<meta property=\"og:title\" content=\"L&#039;Alg\u00e9rie accuse des hackers marocains d\u2019avoir pirat\u00e9 le compte Twitter du minist\u00e8re de la Justice - Parlons Techs - Store\" \/>\n<meta property=\"og:description\" content=\"Le minist\u00e8re alg\u00e9rien de la Justice a accus\u00e9, samedi 12 Mars 2022, des hackers marocains d\u2019avoir pirat\u00e9 son compte Twitter. Le compte officiel sur le r\u00e9seau social avait publi\u00e9, vendredi, [&hellip;]\" \/>\n<meta property=\"og:url\" content=\"https:\/\/parlonstechs.com\/all\/2022\/03\/20\/lalgerie-accuse-des-hackers-marocains-davoir-pirate-le-compte-twitter-du-ministere-de-la-justice\/\" \/>\n<meta property=\"og:site_name\" content=\"Parlons Techs - Store\" \/>\n<meta property=\"article:published_time\" content=\"2022-03-20T05:51:22+00:00\" \/>\n<meta property=\"og:image\" content=\"https:\/\/parlonstechs.com\/all\/wp-content\/uploads\/2022\/03\/ab-1.jpg\" \/>\n\t<meta property=\"og:image:width\" content=\"265\" \/>\n\t<meta property=\"og:image:height\" content=\"119\" \/>\n\t<meta property=\"og:image:type\" content=\"image\/jpeg\" \/>\n<meta name=\"author\" content=\"wisdom\" \/>\n<meta name=\"twitter:card\" content=\"summary_large_image\" \/>\n<meta name=\"twitter:label1\" content=\"\u00c9crit par\" \/>\n\t<meta name=\"twitter:data1\" content=\"wisdom\" \/>\n\t<meta name=\"twitter:label2\" content=\"Dur\u00e9e de lecture estim\u00e9e\" \/>\n\t<meta name=\"twitter:data2\" content=\"1 minute\" \/>\n<script type=\"application\/ld+json\" class=\"yoast-schema-graph\">{\"@context\":\"https:\\\/\\\/schema.org\",\"@graph\":[{\"@type\":\"Article\",\"@id\":\"https:\\\/\\\/parlonstechs.com\\\/all\\\/2022\\\/03\\\/20\\\/lalgerie-accuse-des-hackers-marocains-davoir-pirate-le-compte-twitter-du-ministere-de-la-justice\\\/#article\",\"isPartOf\":{\"@id\":\"https:\\\/\\\/parlonstechs.com\\\/all\\\/2022\\\/03\\\/20\\\/lalgerie-accuse-des-hackers-marocains-davoir-pirate-le-compte-twitter-du-ministere-de-la-justice\\\/\"},\"author\":{\"name\":\"wisdom\",\"@id\":\"https:\\\/\\\/parlonstechs.com\\\/all\\\/#\\\/schema\\\/person\\\/a93526e9c6c72ccb484abb7008892823\"},\"headline\":\"L&rsquo;Alg\u00e9rie accuse des hackers marocains d\u2019avoir pirat\u00e9 le compte Twitter du minist\u00e8re de la Justice\",\"datePublished\":\"2022-03-20T05:51:22+00:00\",\"mainEntityOfPage\":{\"@id\":\"https:\\\/\\\/parlonstechs.com\\\/all\\\/2022\\\/03\\\/20\\\/lalgerie-accuse-des-hackers-marocains-davoir-pirate-le-compte-twitter-du-ministere-de-la-justice\\\/\"},\"wordCount\":323,\"commentCount\":0,\"image\":{\"@id\":\"https:\\\/\\\/parlonstechs.com\\\/all\\\/2022\\\/03\\\/20\\\/lalgerie-accuse-des-hackers-marocains-davoir-pirate-le-compte-twitter-du-ministere-de-la-justice\\\/#primaryimage\"},\"thumbnailUrl\":\"https:\\\/\\\/parlonstechs.com\\\/all\\\/wp-content\\\/uploads\\\/2022\\\/03\\\/ab-1.jpg\",\"articleSection\":[\"Actualit\u00e9\",\"Afrique\",\"CyberS\u00e9curit\u00e9\"],\"inLanguage\":\"fr-FR\",\"potentialAction\":[{\"@type\":\"CommentAction\",\"name\":\"Comment\",\"target\":[\"https:\\\/\\\/parlonstechs.com\\\/all\\\/2022\\\/03\\\/20\\\/lalgerie-accuse-des-hackers-marocains-davoir-pirate-le-compte-twitter-du-ministere-de-la-justice\\\/#respond\"]}]},{\"@type\":\"WebPage\",\"@id\":\"https:\\\/\\\/parlonstechs.com\\\/all\\\/2022\\\/03\\\/20\\\/lalgerie-accuse-des-hackers-marocains-davoir-pirate-le-compte-twitter-du-ministere-de-la-justice\\\/\",\"url\":\"https:\\\/\\\/parlonstechs.com\\\/all\\\/2022\\\/03\\\/20\\\/lalgerie-accuse-des-hackers-marocains-davoir-pirate-le-compte-twitter-du-ministere-de-la-justice\\\/\",\"name\":\"L'Alg\u00e9rie accuse des hackers marocains d\u2019avoir pirat\u00e9 le compte Twitter du minist\u00e8re de la Justice - Parlons Techs - Store\",\"isPartOf\":{\"@id\":\"https:\\\/\\\/parlonstechs.com\\\/all\\\/#website\"},\"primaryImageOfPage\":{\"@id\":\"https:\\\/\\\/parlonstechs.com\\\/all\\\/2022\\\/03\\\/20\\\/lalgerie-accuse-des-hackers-marocains-davoir-pirate-le-compte-twitter-du-ministere-de-la-justice\\\/#primaryimage\"},\"image\":{\"@id\":\"https:\\\/\\\/parlonstechs.com\\\/all\\\/2022\\\/03\\\/20\\\/lalgerie-accuse-des-hackers-marocains-davoir-pirate-le-compte-twitter-du-ministere-de-la-justice\\\/#primaryimage\"},\"thumbnailUrl\":\"https:\\\/\\\/parlonstechs.com\\\/all\\\/wp-content\\\/uploads\\\/2022\\\/03\\\/ab-1.jpg\",\"datePublished\":\"2022-03-20T05:51:22+00:00\",\"author\":{\"@id\":\"https:\\\/\\\/parlonstechs.com\\\/all\\\/#\\\/schema\\\/person\\\/a93526e9c6c72ccb484abb7008892823\"},\"breadcrumb\":{\"@id\":\"https:\\\/\\\/parlonstechs.com\\\/all\\\/2022\\\/03\\\/20\\\/lalgerie-accuse-des-hackers-marocains-davoir-pirate-le-compte-twitter-du-ministere-de-la-justice\\\/#breadcrumb\"},\"inLanguage\":\"fr-FR\",\"potentialAction\":[{\"@type\":\"ReadAction\",\"target\":[\"https:\\\/\\\/parlonstechs.com\\\/all\\\/2022\\\/03\\\/20\\\/lalgerie-accuse-des-hackers-marocains-davoir-pirate-le-compte-twitter-du-ministere-de-la-justice\\\/\"]}]},{\"@type\":\"ImageObject\",\"inLanguage\":\"fr-FR\",\"@id\":\"https:\\\/\\\/parlonstechs.com\\\/all\\\/2022\\\/03\\\/20\\\/lalgerie-accuse-des-hackers-marocains-davoir-pirate-le-compte-twitter-du-ministere-de-la-justice\\\/#primaryimage\",\"url\":\"https:\\\/\\\/parlonstechs.com\\\/all\\\/wp-content\\\/uploads\\\/2022\\\/03\\\/ab-1.jpg\",\"contentUrl\":\"https:\\\/\\\/parlonstechs.com\\\/all\\\/wp-content\\\/uploads\\\/2022\\\/03\\\/ab-1.jpg\",\"width\":265,\"height\":119},{\"@type\":\"BreadcrumbList\",\"@id\":\"https:\\\/\\\/parlonstechs.com\\\/all\\\/2022\\\/03\\\/20\\\/lalgerie-accuse-des-hackers-marocains-davoir-pirate-le-compte-twitter-du-ministere-de-la-justice\\\/#breadcrumb\",\"itemListElement\":[{\"@type\":\"ListItem\",\"position\":1,\"name\":\"Accueil\",\"item\":\"https:\\\/\\\/parlonstechs.com\\\/all\\\/\"},{\"@type\":\"ListItem\",\"position\":2,\"name\":\"L&rsquo;Alg\u00e9rie accuse des hackers marocains d\u2019avoir pirat\u00e9 le compte Twitter du minist\u00e8re de la Justice\"}]},{\"@type\":\"WebSite\",\"@id\":\"https:\\\/\\\/parlonstechs.com\\\/all\\\/#website\",\"url\":\"https:\\\/\\\/parlonstechs.com\\\/all\\\/\",\"name\":\"Parlons Techs - Store\",\"description\":\"Toute L&#039;Actualit\u00e9 sur La Technologie et La Science\",\"potentialAction\":[{\"@type\":\"SearchAction\",\"target\":{\"@type\":\"EntryPoint\",\"urlTemplate\":\"https:\\\/\\\/parlonstechs.com\\\/all\\\/?s={search_term_string}\"},\"query-input\":{\"@type\":\"PropertyValueSpecification\",\"valueRequired\":true,\"valueName\":\"search_term_string\"}}],\"inLanguage\":\"fr-FR\"},{\"@type\":\"Person\",\"@id\":\"https:\\\/\\\/parlonstechs.com\\\/all\\\/#\\\/schema\\\/person\\\/a93526e9c6c72ccb484abb7008892823\",\"name\":\"wisdom\",\"image\":{\"@type\":\"ImageObject\",\"inLanguage\":\"fr-FR\",\"@id\":\"https:\\\/\\\/secure.gravatar.com\\\/avatar\\\/e752642935d05c7ef20c7ff136e0baadd18b8f39f34dbcffed7f1221cb763284?s=96&d=mm&r=g\",\"url\":\"https:\\\/\\\/secure.gravatar.com\\\/avatar\\\/e752642935d05c7ef20c7ff136e0baadd18b8f39f34dbcffed7f1221cb763284?s=96&d=mm&r=g\",\"contentUrl\":\"https:\\\/\\\/secure.gravatar.com\\\/avatar\\\/e752642935d05c7ef20c7ff136e0baadd18b8f39f34dbcffed7f1221cb763284?s=96&d=mm&r=g\",\"caption\":\"wisdom\"},\"sameAs\":[\"https:\\\/\\\/parlonstechs.com\\\/all\"],\"url\":\"https:\\\/\\\/parlonstechs.com\\\/all\\\/author\\\/wisdom\\\/\"}]}<\/script>\n<!-- \/ Yoast SEO plugin. -->","yoast_head_json":{"title":"L'Alg\u00e9rie accuse des hackers marocains d\u2019avoir pirat\u00e9 le compte Twitter du minist\u00e8re de la Justice - Parlons Techs - Store","robots":{"index":"index","follow":"follow","max-snippet":"max-snippet:-1","max-image-preview":"max-image-preview:large","max-video-preview":"max-video-preview:-1"},"canonical":"https:\/\/parlonstechs.com\/all\/2022\/03\/20\/lalgerie-accuse-des-hackers-marocains-davoir-pirate-le-compte-twitter-du-ministere-de-la-justice\/","og_locale":"fr_FR","og_type":"article","og_title":"L'Alg\u00e9rie accuse des hackers marocains d\u2019avoir pirat\u00e9 le compte Twitter du minist\u00e8re de la Justice - Parlons Techs - Store","og_description":"Le minist\u00e8re alg\u00e9rien de la Justice a accus\u00e9, samedi 12 Mars 2022, des hackers marocains d\u2019avoir pirat\u00e9 son compte Twitter. Le compte officiel sur le r\u00e9seau social avait publi\u00e9, vendredi, [&hellip;]","og_url":"https:\/\/parlonstechs.com\/all\/2022\/03\/20\/lalgerie-accuse-des-hackers-marocains-davoir-pirate-le-compte-twitter-du-ministere-de-la-justice\/","og_site_name":"Parlons Techs - Store","article_published_time":"2022-03-20T05:51:22+00:00","og_image":[{"width":265,"height":119,"url":"https:\/\/parlonstechs.com\/all\/wp-content\/uploads\/2022\/03\/ab-1.jpg","type":"image\/jpeg"}],"author":"wisdom","twitter_card":"summary_large_image","twitter_misc":{"\u00c9crit par":"wisdom","Dur\u00e9e de lecture estim\u00e9e":"1 minute"},"schema":{"@context":"https:\/\/schema.org","@graph":[{"@type":"Article","@id":"https:\/\/parlonstechs.com\/all\/2022\/03\/20\/lalgerie-accuse-des-hackers-marocains-davoir-pirate-le-compte-twitter-du-ministere-de-la-justice\/#article","isPartOf":{"@id":"https:\/\/parlonstechs.com\/all\/2022\/03\/20\/lalgerie-accuse-des-hackers-marocains-davoir-pirate-le-compte-twitter-du-ministere-de-la-justice\/"},"author":{"name":"wisdom","@id":"https:\/\/parlonstechs.com\/all\/#\/schema\/person\/a93526e9c6c72ccb484abb7008892823"},"headline":"L&rsquo;Alg\u00e9rie accuse des hackers marocains d\u2019avoir pirat\u00e9 le compte Twitter du minist\u00e8re de la Justice","datePublished":"2022-03-20T05:51:22+00:00","mainEntityOfPage":{"@id":"https:\/\/parlonstechs.com\/all\/2022\/03\/20\/lalgerie-accuse-des-hackers-marocains-davoir-pirate-le-compte-twitter-du-ministere-de-la-justice\/"},"wordCount":323,"commentCount":0,"image":{"@id":"https:\/\/parlonstechs.com\/all\/2022\/03\/20\/lalgerie-accuse-des-hackers-marocains-davoir-pirate-le-compte-twitter-du-ministere-de-la-justice\/#primaryimage"},"thumbnailUrl":"https:\/\/parlonstechs.com\/all\/wp-content\/uploads\/2022\/03\/ab-1.jpg","articleSection":["Actualit\u00e9","Afrique","CyberS\u00e9curit\u00e9"],"inLanguage":"fr-FR","potentialAction":[{"@type":"CommentAction","name":"Comment","target":["https:\/\/parlonstechs.com\/all\/2022\/03\/20\/lalgerie-accuse-des-hackers-marocains-davoir-pirate-le-compte-twitter-du-ministere-de-la-justice\/#respond"]}]},{"@type":"WebPage","@id":"https:\/\/parlonstechs.com\/all\/2022\/03\/20\/lalgerie-accuse-des-hackers-marocains-davoir-pirate-le-compte-twitter-du-ministere-de-la-justice\/","url":"https:\/\/parlonstechs.com\/all\/2022\/03\/20\/lalgerie-accuse-des-hackers-marocains-davoir-pirate-le-compte-twitter-du-ministere-de-la-justice\/","name":"L'Alg\u00e9rie accuse des hackers marocains d\u2019avoir pirat\u00e9 le compte Twitter du minist\u00e8re de la Justice - Parlons Techs - Store","isPartOf":{"@id":"https:\/\/parlonstechs.com\/all\/#website"},"primaryImageOfPage":{"@id":"https:\/\/parlonstechs.com\/all\/2022\/03\/20\/lalgerie-accuse-des-hackers-marocains-davoir-pirate-le-compte-twitter-du-ministere-de-la-justice\/#primaryimage"},"image":{"@id":"https:\/\/parlonstechs.com\/all\/2022\/03\/20\/lalgerie-accuse-des-hackers-marocains-davoir-pirate-le-compte-twitter-du-ministere-de-la-justice\/#primaryimage"},"thumbnailUrl":"https:\/\/parlonstechs.com\/all\/wp-content\/uploads\/2022\/03\/ab-1.jpg","datePublished":"2022-03-20T05:51:22+00:00","author":{"@id":"https:\/\/parlonstechs.com\/all\/#\/schema\/person\/a93526e9c6c72ccb484abb7008892823"},"breadcrumb":{"@id":"https:\/\/parlonstechs.com\/all\/2022\/03\/20\/lalgerie-accuse-des-hackers-marocains-davoir-pirate-le-compte-twitter-du-ministere-de-la-justice\/#breadcrumb"},"inLanguage":"fr-FR","potentialAction":[{"@type":"ReadAction","target":["https:\/\/parlonstechs.com\/all\/2022\/03\/20\/lalgerie-accuse-des-hackers-marocains-davoir-pirate-le-compte-twitter-du-ministere-de-la-justice\/"]}]},{"@type":"ImageObject","inLanguage":"fr-FR","@id":"https:\/\/parlonstechs.com\/all\/2022\/03\/20\/lalgerie-accuse-des-hackers-marocains-davoir-pirate-le-compte-twitter-du-ministere-de-la-justice\/#primaryimage","url":"https:\/\/parlonstechs.com\/all\/wp-content\/uploads\/2022\/03\/ab-1.jpg","contentUrl":"https:\/\/parlonstechs.com\/all\/wp-content\/uploads\/2022\/03\/ab-1.jpg","width":265,"height":119},{"@type":"BreadcrumbList","@id":"https:\/\/parlonstechs.com\/all\/2022\/03\/20\/lalgerie-accuse-des-hackers-marocains-davoir-pirate-le-compte-twitter-du-ministere-de-la-justice\/#breadcrumb","itemListElement":[{"@type":"ListItem","position":1,"name":"Accueil","item":"https:\/\/parlonstechs.com\/all\/"},{"@type":"ListItem","position":2,"name":"L&rsquo;Alg\u00e9rie accuse des hackers marocains d\u2019avoir pirat\u00e9 le compte Twitter du minist\u00e8re de la Justice"}]},{"@type":"WebSite","@id":"https:\/\/parlonstechs.com\/all\/#website","url":"https:\/\/parlonstechs.com\/all\/","name":"Parlons Techs - Store","description":"Toute L&#039;Actualit\u00e9 sur La Technologie et La Science","potentialAction":[{"@type":"SearchAction","target":{"@type":"EntryPoint","urlTemplate":"https:\/\/parlonstechs.com\/all\/?s={search_term_string}"},"query-input":{"@type":"PropertyValueSpecification","valueRequired":true,"valueName":"search_term_string"}}],"inLanguage":"fr-FR"},{"@type":"Person","@id":"https:\/\/parlonstechs.com\/all\/#\/schema\/person\/a93526e9c6c72ccb484abb7008892823","name":"wisdom","image":{"@type":"ImageObject","inLanguage":"fr-FR","@id":"https:\/\/secure.gravatar.com\/avatar\/e752642935d05c7ef20c7ff136e0baadd18b8f39f34dbcffed7f1221cb763284?s=96&d=mm&r=g","url":"https:\/\/secure.gravatar.com\/avatar\/e752642935d05c7ef20c7ff136e0baadd18b8f39f34dbcffed7f1221cb763284?s=96&d=mm&r=g","contentUrl":"https:\/\/secure.gravatar.com\/avatar\/e752642935d05c7ef20c7ff136e0baadd18b8f39f34dbcffed7f1221cb763284?s=96&d=mm&r=g","caption":"wisdom"},"sameAs":["https:\/\/parlonstechs.com\/all"],"url":"https:\/\/parlonstechs.com\/all\/author\/wisdom\/"}]}},"_links":{"self":[{"href":"https:\/\/parlonstechs.com\/all\/wp-json\/wp\/v2\/posts\/2755","targetHints":{"allow":["GET"]}}],"collection":[{"href":"https:\/\/parlonstechs.com\/all\/wp-json\/wp\/v2\/posts"}],"about":[{"href":"https:\/\/parlonstechs.com\/all\/wp-json\/wp\/v2\/types\/post"}],"author":[{"embeddable":true,"href":"https:\/\/parlonstechs.com\/all\/wp-json\/wp\/v2\/users\/1"}],"replies":[{"embeddable":true,"href":"https:\/\/parlonstechs.com\/all\/wp-json\/wp\/v2\/comments?post=2755"}],"version-history":[{"count":1,"href":"https:\/\/parlonstechs.com\/all\/wp-json\/wp\/v2\/posts\/2755\/revisions"}],"predecessor-version":[{"id":2757,"href":"https:\/\/parlonstechs.com\/all\/wp-json\/wp\/v2\/posts\/2755\/revisions\/2757"}],"wp:featuredmedia":[{"embeddable":true,"href":"https:\/\/parlonstechs.com\/all\/wp-json\/wp\/v2\/media\/2756"}],"wp:attachment":[{"href":"https:\/\/parlonstechs.com\/all\/wp-json\/wp\/v2\/media?parent=2755"}],"wp:term":[{"taxonomy":"category","embeddable":true,"href":"https:\/\/parlonstechs.com\/all\/wp-json\/wp\/v2\/categories?post=2755"},{"taxonomy":"post_tag","embeddable":true,"href":"https:\/\/parlonstechs.com\/all\/wp-json\/wp\/v2\/tags?post=2755"}],"curies":[{"name":"wp","href":"https:\/\/api.w.org\/{rel}","templated":true}]}}