
{"id":6862,"date":"2024-10-15T13:08:42","date_gmt":"2024-10-15T11:08:42","guid":{"rendered":"https:\/\/parlonstechs.com\/all\/?p=6862"},"modified":"2024-10-15T13:08:42","modified_gmt":"2024-10-15T11:08:42","slug":"un-hotel-de-luxe-dans-lespace-vast-prepare-sa-premiere-station-commerciale","status":"publish","type":"post","link":"https:\/\/parlonstechs.com\/all\/2024\/10\/15\/un-hotel-de-luxe-dans-lespace-vast-prepare-sa-premiere-station-commerciale\/","title":{"rendered":"Un h\u00f4tel de luxe dans l&rsquo;espace : VAST pr\u00e9pare sa premi\u00e8re station commerciale"},"content":{"rendered":"<p><img decoding=\"async\" src=\"https:\/\/pic.clubic.com\/f38a1d1d2248382\/1200x675\/smart\/vast-station-orbitale-prive-e-haven-1-vue-d-artiste.jpg\" alt=\"C'est beau, c'est lisse, c'est VAST \u00a9 VAST space\" \/><\/p>\n<h2>C&rsquo;est une promesse de volupt\u00e9 que l&rsquo;entreprise fond\u00e9e par le milliardaire Jed McCaleb compte bien transmettre \u00e0 ses futurs clients. Celle d&rsquo;une station spatiale priv\u00e9e tout enti\u00e8re destin\u00e9e d&rsquo;abord aux super-riches, avec des mat\u00e9riaux et un int\u00e9rieur design. Pour leur donner envie, \u00e9ventuellement, de faire un peu de science.<\/h2>\n<p class=\"sc-64209548-0 kGWDwp\">La responsable du design de chez\u00a0VAST, Hillary Coe, l&rsquo;explique tr\u00e8s bien : l&rsquo;int\u00e9rieur de la station spatiale Haven-1 est con\u00e7u pour que \u00ab\u00a0<em>vous vous y sentiez comme chez vous<\/em> \u00bb. C&rsquo;est-\u00e0-dire, si votre chez-vous refl\u00e8te un certain niveau de design et de luxe, et qu&rsquo;il est vide.<\/p>\n<p class=\"sc-64209548-0 kGWDwp\">Des murs garnis \u00e0 l&rsquo;\u00e9rable clair, des \u00e9clairages tamis\u00e9s et r\u00e9glables, un syst\u00e8me de duvet-lit \u00ab queen size \u00bb dessin\u00e9 et brevet\u00e9 sp\u00e9cialement pour la future station, et une large vue sur notre plan\u00e8te pour des selfies in-cro-yables : Haven-1 ne sera pas particuli\u00e8rement vaste, mais la station de VAST devrait ressembler \u00e0 un Apple Store de l&rsquo;extr\u00eame.<\/p>\n<p class=\"sc-64209548-0 kGWDwp\">Ce sera beau, pur, chaud, accueillant, bref, l&rsquo;exp\u00e9rience astronautique \u00e0 son paroxysme. Logique, puisqu&rsquo;Hillary Coe, \u00e0 qui l&rsquo;on doit une partie du design des combinaisons et de l&rsquo;int\u00e9rieur de Crew Dragon, est aussi pass\u00e9e par Apple et a fait appel \u00e0 Peter Russell-Clarke, designer de plusieurs i-objets de la marque \u00e0 la pomme.<\/p>\n<p><img decoding=\"async\" src=\"https:\/\/pic.clubic.com\/4d7b62a92248385\/1200x1200\/smart\/vast-station-orbitale-prive-e-expe-rience-habitat-vue-d-artiste.jpg\" alt=\"Non, cet espace n'est pas perdu. Il est design, c'est diff\u00e9rent \u00a9 VAST space\" \/><\/p>\n<div class=\"sc-b8f225e-1 cYpqLt\">\n<div class=\"sc-67849c5f-0 EhBrF row\">\n<div class=\"sc-ecf8280d-0 kOofDT\">\n<h2 class=\"sc-d153cf13-0 evhgOV\">Une exp\u00e9rience plus h\u00f4teli\u00e8re que celle de l&rsquo;ISS<\/h2>\n<\/div>\n<\/div>\n<\/div>\n<div class=\"sc-b8f225e-1 cYpqLt\">\n<div class=\"sc-67849c5f-0 EhBrF row\">\n<div class=\"sc-ecf8280d-0 kOofDT\">\n<p class=\"sc-64209548-0 kGWDwp\">Il n&#8217;emp\u00eache, VAST a donc termin\u00e9 le design de sa premi\u00e8re station spatiale, Haven-1. Pour l&rsquo;instant, son lancement est toujours pr\u00e9vu d\u00e8s l&rsquo;an prochain, un agenda particuli\u00e8rement ambitieux (il faudra juger sur pi\u00e8ce, l&rsquo;entreprise n&rsquo;ayant jamais communiqu\u00e9 sur les avanc\u00e9es r\u00e9elles de cette production).<\/p>\n<p class=\"sc-64209548-0 kGWDwp\">Une fois en orbite, la \u00ab premi\u00e8re station orbitale priv\u00e9e \u00bb sera rejointe p\u00e9riodiquement par des capsules Crew Dragon et accueillera pour des missions courtes des astronautes priv\u00e9s de tous horizons. \u00c0 la recherche d&rsquo;une exp\u00e9rience plus h\u00f4teli\u00e8re que celle de l&rsquo;ISS ? Tr\u00e8s certainement. Avec une facture sans aucun doute plus \u00e9lev\u00e9e aussi : dans Haven-1 vous pouvez regarder la Terre avec votre th\u00e9 lyophilis\u00e9 \u00e0 la main (mais oui, il est bio !), mais aussi faire de la science, si l&rsquo;envie vous en prenait. Votre environnement est calme, zen.<\/p>\n<p class=\"sc-64209548-0 kGWDwp\">\u00ab\u00a0<em>Vous voudrez vous asseoir dans Haven-1 et trouver un traitement contre le cancer<\/em>\u00a0\u00bb, explique Hillary Coe. Alors que, quand m\u00eame, \u00e7a aurait \u00e9t\u00e9 dommage de faire \u00e7a dans cette ISS mal rang\u00e9e, toute blanche et pleine de fils. Pff, impossible !<\/p>\n<\/div>\n<\/div>\n<\/div>\n<div class=\"sc-b8f225e-2 bSgusZ\">\n<div>\n<div class=\"div-breakable\" data-adslot-top=\"3249.40625\"><\/div>\n<\/div>\n<div class=\"sc-67849c5f-0 EhBrF row\">\n<figure class=\"sc-8001ed0e-0 jbaVPw\"><span role=\"presentation\"><picture class=\"sc-44f65a99-3 iycMah sc-c725aa90-0 huyWah loaded\"><source srcset=\"\/\/pic.clubic.com\/3079d3972248388\/768x432\/smart\/vast-station-orbitale-prive-e-hublot-vue-d-artiste.webp 2x, \/\/pic.clubic.com\/08db7a7f2248388\/1152x648\/smart\/vast-station-orbitale-prive-e-hublot-vue-d-artiste.webp 3x\" type=\"image\/webp\" media=\"(max-width: 768px)\" sizes=\"768px\" \/><source srcset=\"\/\/pic.clubic.com\/57c18b142248388\/1024x576\/smart\/vast-station-orbitale-prive-e-hublot-vue-d-artiste.webp 1x, \/\/pic.clubic.com\/2a48bf7e2248388\/1536x864\/smart\/vast-station-orbitale-prive-e-hublot-vue-d-artiste.webp 2x\" type=\"image\/webp\" media=\"(min-width: 769px) and (max-width: 1024px)\" sizes=\"1024px\" \/><source srcset=\"\/\/pic.clubic.com\/7e9191882248388\/1200x675\/smart\/vast-station-orbitale-prive-e-hublot-vue-d-artiste.webp 1x, \/\/pic.clubic.com\/5496002c2248388\/1600x900\/smart\/vast-station-orbitale-prive-e-hublot-vue-d-artiste.webp 2x\" type=\"image\/webp\" media=\"(min-width: 1025px)\" sizes=\"1200px\" \/><source srcset=\"\/\/pic.clubic.com\/193e9f292248388\/768x432\/smart\/vast-station-orbitale-prive-e-hublot-vue-d-artiste.jpg 2x, \/\/pic.clubic.com\/7b958ec72248388\/1152x648\/smart\/vast-station-orbitale-prive-e-hublot-vue-d-artiste.jpg 3x\" media=\"(max-width: 768px)\" sizes=\"768px\" \/><source srcset=\"\/\/pic.clubic.com\/54a3ab572248388\/1024x576\/smart\/vast-station-orbitale-prive-e-hublot-vue-d-artiste.jpg 1x, \/\/pic.clubic.com\/349168782248388\/1536x864\/smart\/vast-station-orbitale-prive-e-hublot-vue-d-artiste.jpg 2x\" media=\"(min-width: 769px) and (max-width: 1024px)\" sizes=\"1024px\" \/><source srcset=\"\/\/pic.clubic.com\/0c2ac9772248388\/1200x675\/smart\/vast-station-orbitale-prive-e-hublot-vue-d-artiste.jpg 1x, \/\/pic.clubic.com\/a1203d6f2248388\/1600x900\/smart\/vast-station-orbitale-prive-e-hublot-vue-d-artiste.jpg 2x\" media=\"(min-width: 1025px)\" sizes=\"1200px\" \/><img loading=\"lazy\" decoding=\"async\" class=\"sc-44f65a99-2 frnYBM\" src=\"https:\/\/pic.clubic.com\/0c2ac9772248388\/1200x675\/smart\/vast-station-orbitale-prive-e-hublot-vue-d-artiste.jpg\" alt=\"Je fais progresser l'humanit\u00e9, mais l\u00e0, c'est la pause \u00a9 VAST space\" width=\"1200\" height=\"675\" \/><\/picture><\/span><\/figure>\n<div class=\"sc-b8f225e-1 cYpqLt\">\n<div class=\"sc-67849c5f-0 EhBrF row\">\n<div class=\"sc-ecf8280d-0 kOofDT\">\n<h2 class=\"sc-d153cf13-0 evhgOV\">Une offre plus exclusive que celle de SpaceX<\/h2>\n<\/div>\n<\/div>\n<\/div>\n<div class=\"sc-b8f225e-1 cYpqLt\">\n<div>\n<div class=\"div-breakable\" data-adslot-top=\"3398.296875\"><\/div>\n<\/div>\n<div class=\"sc-67849c5f-0 EhBrF row\">\n<div class=\"sc-ecf8280d-0 kOofDT\">\n<p class=\"sc-64209548-0 kGWDwp\">Le plus \u00e9tonnant dans cette vaste communication pleine de design et de riches intentions, c&rsquo;est qu&rsquo;il ne faudrait pas prendre VAST de trop haut. Car l&rsquo;entreprise, malgr\u00e9 ses ambitions \u00e9ponymes, peut se permettre de viser tr\u00e8s haut. Son fondateur Jed McCaleb est un crypto-milliardaire qui pense tr\u00e8s s\u00e9rieusement que l&rsquo;avenir de l&rsquo;humanit\u00e9 passera par le fait d&rsquo;avoir des centaines, des milliers, des millions de gens dans l&rsquo;espace pour \u00e9tendre la civilisation.<\/p>\n<p class=\"sc-64209548-0 kGWDwp\">Sa start-up est tout \u00e0 fait consciente de s&rsquo;adresser \u00e0 un public limit\u00e9, tout comme le fait de les attirer avec une offre encore \u00ab\u00a0<em>plus exclusive<\/em>\u00a0\u00bb que celle de la simple capsule de SpaceX ou\u00a0des missions Axiom. L&rsquo;entreprise l&rsquo;assume, en esp\u00e9rant que cela \u00e9tendra l&rsquo;horizon des possibles pour les agences, les innovateurs et m\u00eame les scientifiques.<\/p>\n<\/div>\n<\/div>\n<\/div>\n<div class=\"sc-b8f225e-1 cYpqLt\">\n<div class=\"sc-67849c5f-0 EhBrF row\">\n<div class=\"sc-ecf8280d-0 kOofDT\">\n<p class=\"sc-64209548-0 kGWDwp\">Et il ne s&rsquo;agit pas que de design ! VAST a bel et bien recueilli les retours d&rsquo;exp\u00e9riences d&rsquo;astronautes de la NASA pour concevoir sa station intelligemment, avec un int\u00e9rieur fonctionnel. Drew Feustel (3 missions, 225 jours en orbite) n&rsquo;a pas manqu\u00e9 de louer les efforts sur tous les d\u00e9tails pour \u00eatre mieux connect\u00e9 et interconnect\u00e9 \u00e0 bord, et faire \u00ab\u00a0<em>progresser l&rsquo;humanit\u00e9, sur Terre et au-del\u00e0<\/em>\u00a0\u00bb. Vous prendrez bien un petit th\u00e9 ? Il est bio.<\/p>\n<\/div>\n<\/div>\n<\/div>\n<div class=\"sc-b8f225e-1 cYpqLt\">\n<div>\n<div class=\"div-breakable\" data-adslot-top=\"3938.953125\"><\/div>\n<\/div>\n<div class=\"sc-67849c5f-0 EhBrF row\">\n<div class=\"sc-ecf8280d-0 kOofDT\">\n<p class=\"sc-64209548-0 kGWDwp\"><small>Avec\u00a0 <\/small><small>Wired<\/small><\/p>\n<\/div>\n<\/div>\n<\/div>\n<\/div>\n<\/div>\n","protected":false},"excerpt":{"rendered":"<p>C&rsquo;est une promesse de volupt\u00e9 que l&rsquo;entreprise fond\u00e9e par le milliardaire Jed McCaleb compte bien transmettre \u00e0 ses futurs clients. Celle d&rsquo;une station spatiale priv\u00e9e tout enti\u00e8re destin\u00e9e d&rsquo;abord aux [&hellip;]<\/p>\n","protected":false},"author":2,"featured_media":6863,"comment_status":"open","ping_status":"open","sticky":false,"template":"","format":"standard","meta":{"footnotes":""},"categories":[21,17,15],"tags":[],"class_list":["post-6862","post","type-post","status-publish","format-standard","has-post-thumbnail","hentry","category-actualite","category-espace","category-innovation"],"yoast_head":"<!-- This site is optimized with the Yoast SEO plugin v27.4 - https:\/\/yoast.com\/product\/yoast-seo-wordpress\/ -->\n<title>Un h\u00f4tel de luxe dans l&#039;espace : VAST pr\u00e9pare sa premi\u00e8re station commerciale - Parlons Techs - Store<\/title>\n<meta name=\"robots\" content=\"index, follow, max-snippet:-1, max-image-preview:large, max-video-preview:-1\" \/>\n<link rel=\"canonical\" href=\"https:\/\/parlonstechs.com\/all\/2024\/10\/15\/un-hotel-de-luxe-dans-lespace-vast-prepare-sa-premiere-station-commerciale\/\" \/>\n<meta property=\"og:locale\" content=\"fr_FR\" \/>\n<meta property=\"og:type\" content=\"article\" \/>\n<meta property=\"og:title\" content=\"Un h\u00f4tel de luxe dans l&#039;espace : VAST pr\u00e9pare sa premi\u00e8re station commerciale - Parlons Techs\" \/>\n<meta property=\"og:description\" content=\"C&rsquo;est une promesse de volupt\u00e9 que l&rsquo;entreprise fond\u00e9e par le milliardaire Jed McCaleb compte bien transmettre \u00e0 ses futurs clients. Celle d&rsquo;une station spatiale priv\u00e9e tout enti\u00e8re destin\u00e9e d&rsquo;abord aux [&hellip;]\" \/>\n<meta property=\"og:url\" content=\"https:\/\/parlonstechs.com\/all\/2024\/10\/15\/un-hotel-de-luxe-dans-lespace-vast-prepare-sa-premiere-station-commerciale\/\" \/>\n<meta property=\"og:site_name\" content=\"Parlons Techs - Store\" \/>\n<meta property=\"article:published_time\" content=\"2024-10-15T11:08:42+00:00\" \/>\n<meta property=\"og:image\" content=\"https:\/\/parlonstechs.com\/all\/wp-content\/uploads\/2024\/10\/source-1.jpg\" \/>\n\t<meta property=\"og:image:width\" content=\"900\" \/>\n\t<meta property=\"og:image:height\" content=\"500\" \/>\n\t<meta property=\"og:image:type\" content=\"image\/jpeg\" \/>\n<meta name=\"author\" content=\"L\u00e9ticia KWABONG\" \/>\n<meta name=\"twitter:card\" content=\"summary_large_image\" \/>\n<meta name=\"twitter:title\" content=\"Un h\u00f4tel de luxe dans l&#039;espace : VAST pr\u00e9pare sa premi\u00e8re station commerciale - Parlons Techs\" \/>\n<meta name=\"twitter:image\" content=\"https:\/\/parlonstechs.com\/all\/wp-content\/uploads\/2024\/10\/source-1.jpg\" \/>\n<meta name=\"twitter:label1\" content=\"\u00c9crit par\" \/>\n\t<meta name=\"twitter:data1\" content=\"L\u00e9ticia KWABONG\" \/>\n\t<meta name=\"twitter:label2\" content=\"Dur\u00e9e de lecture estim\u00e9e\" \/>\n\t<meta name=\"twitter:data2\" content=\"4 minutes\" \/>\n<script type=\"application\/ld+json\" class=\"yoast-schema-graph\">{\"@context\":\"https:\\\/\\\/schema.org\",\"@graph\":[{\"@type\":\"Article\",\"@id\":\"https:\\\/\\\/parlonstechs.com\\\/all\\\/2024\\\/10\\\/15\\\/un-hotel-de-luxe-dans-lespace-vast-prepare-sa-premiere-station-commerciale\\\/#article\",\"isPartOf\":{\"@id\":\"https:\\\/\\\/parlonstechs.com\\\/all\\\/2024\\\/10\\\/15\\\/un-hotel-de-luxe-dans-lespace-vast-prepare-sa-premiere-station-commerciale\\\/\"},\"author\":{\"name\":\"L\u00e9ticia KWABONG\",\"@id\":\"https:\\\/\\\/parlonstechs.com\\\/all\\\/#\\\/schema\\\/person\\\/d25fa33e557eb1a1a17047a25737fda9\"},\"headline\":\"Un h\u00f4tel de luxe dans l&rsquo;espace : VAST pr\u00e9pare sa premi\u00e8re station commerciale\",\"datePublished\":\"2024-10-15T11:08:42+00:00\",\"mainEntityOfPage\":{\"@id\":\"https:\\\/\\\/parlonstechs.com\\\/all\\\/2024\\\/10\\\/15\\\/un-hotel-de-luxe-dans-lespace-vast-prepare-sa-premiere-station-commerciale\\\/\"},\"wordCount\":685,\"commentCount\":0,\"image\":{\"@id\":\"https:\\\/\\\/parlonstechs.com\\\/all\\\/2024\\\/10\\\/15\\\/un-hotel-de-luxe-dans-lespace-vast-prepare-sa-premiere-station-commerciale\\\/#primaryimage\"},\"thumbnailUrl\":\"https:\\\/\\\/parlonstechs.com\\\/all\\\/wp-content\\\/uploads\\\/2024\\\/10\\\/ab-1.jpg\",\"articleSection\":[\"Actualit\u00e9\",\"Espace\",\"Innovation\"],\"inLanguage\":\"fr-FR\",\"potentialAction\":[{\"@type\":\"CommentAction\",\"name\":\"Comment\",\"target\":[\"https:\\\/\\\/parlonstechs.com\\\/all\\\/2024\\\/10\\\/15\\\/un-hotel-de-luxe-dans-lespace-vast-prepare-sa-premiere-station-commerciale\\\/#respond\"]}]},{\"@type\":\"WebPage\",\"@id\":\"https:\\\/\\\/parlonstechs.com\\\/all\\\/2024\\\/10\\\/15\\\/un-hotel-de-luxe-dans-lespace-vast-prepare-sa-premiere-station-commerciale\\\/\",\"url\":\"https:\\\/\\\/parlonstechs.com\\\/all\\\/2024\\\/10\\\/15\\\/un-hotel-de-luxe-dans-lespace-vast-prepare-sa-premiere-station-commerciale\\\/\",\"name\":\"Un h\u00f4tel de luxe dans l'espace : VAST pr\u00e9pare sa premi\u00e8re station commerciale - Parlons Techs - Store\",\"isPartOf\":{\"@id\":\"https:\\\/\\\/parlonstechs.com\\\/all\\\/#website\"},\"primaryImageOfPage\":{\"@id\":\"https:\\\/\\\/parlonstechs.com\\\/all\\\/2024\\\/10\\\/15\\\/un-hotel-de-luxe-dans-lespace-vast-prepare-sa-premiere-station-commerciale\\\/#primaryimage\"},\"image\":{\"@id\":\"https:\\\/\\\/parlonstechs.com\\\/all\\\/2024\\\/10\\\/15\\\/un-hotel-de-luxe-dans-lespace-vast-prepare-sa-premiere-station-commerciale\\\/#primaryimage\"},\"thumbnailUrl\":\"https:\\\/\\\/parlonstechs.com\\\/all\\\/wp-content\\\/uploads\\\/2024\\\/10\\\/ab-1.jpg\",\"datePublished\":\"2024-10-15T11:08:42+00:00\",\"author\":{\"@id\":\"https:\\\/\\\/parlonstechs.com\\\/all\\\/#\\\/schema\\\/person\\\/d25fa33e557eb1a1a17047a25737fda9\"},\"breadcrumb\":{\"@id\":\"https:\\\/\\\/parlonstechs.com\\\/all\\\/2024\\\/10\\\/15\\\/un-hotel-de-luxe-dans-lespace-vast-prepare-sa-premiere-station-commerciale\\\/#breadcrumb\"},\"inLanguage\":\"fr-FR\",\"potentialAction\":[{\"@type\":\"ReadAction\",\"target\":[\"https:\\\/\\\/parlonstechs.com\\\/all\\\/2024\\\/10\\\/15\\\/un-hotel-de-luxe-dans-lespace-vast-prepare-sa-premiere-station-commerciale\\\/\"]}]},{\"@type\":\"ImageObject\",\"inLanguage\":\"fr-FR\",\"@id\":\"https:\\\/\\\/parlonstechs.com\\\/all\\\/2024\\\/10\\\/15\\\/un-hotel-de-luxe-dans-lespace-vast-prepare-sa-premiere-station-commerciale\\\/#primaryimage\",\"url\":\"https:\\\/\\\/parlonstechs.com\\\/all\\\/wp-content\\\/uploads\\\/2024\\\/10\\\/ab-1.jpg\",\"contentUrl\":\"https:\\\/\\\/parlonstechs.com\\\/all\\\/wp-content\\\/uploads\\\/2024\\\/10\\\/ab-1.jpg\",\"width\":265,\"height\":119},{\"@type\":\"BreadcrumbList\",\"@id\":\"https:\\\/\\\/parlonstechs.com\\\/all\\\/2024\\\/10\\\/15\\\/un-hotel-de-luxe-dans-lespace-vast-prepare-sa-premiere-station-commerciale\\\/#breadcrumb\",\"itemListElement\":[{\"@type\":\"ListItem\",\"position\":1,\"name\":\"Accueil\",\"item\":\"https:\\\/\\\/parlonstechs.com\\\/all\\\/\"},{\"@type\":\"ListItem\",\"position\":2,\"name\":\"Un h\u00f4tel de luxe dans l&rsquo;espace : VAST pr\u00e9pare sa premi\u00e8re station commerciale\"}]},{\"@type\":\"WebSite\",\"@id\":\"https:\\\/\\\/parlonstechs.com\\\/all\\\/#website\",\"url\":\"https:\\\/\\\/parlonstechs.com\\\/all\\\/\",\"name\":\"Parlons Techs - Store\",\"description\":\"Toute L&#039;Actualit\u00e9 sur La Technologie et La Science\",\"potentialAction\":[{\"@type\":\"SearchAction\",\"target\":{\"@type\":\"EntryPoint\",\"urlTemplate\":\"https:\\\/\\\/parlonstechs.com\\\/all\\\/?s={search_term_string}\"},\"query-input\":{\"@type\":\"PropertyValueSpecification\",\"valueRequired\":true,\"valueName\":\"search_term_string\"}}],\"inLanguage\":\"fr-FR\"},{\"@type\":\"Person\",\"@id\":\"https:\\\/\\\/parlonstechs.com\\\/all\\\/#\\\/schema\\\/person\\\/d25fa33e557eb1a1a17047a25737fda9\",\"name\":\"L\u00e9ticia KWABONG\",\"image\":{\"@type\":\"ImageObject\",\"inLanguage\":\"fr-FR\",\"@id\":\"https:\\\/\\\/secure.gravatar.com\\\/avatar\\\/b5fb929655d7fd32c2b102c28de8c2e556deb359b8fc3b9630cf6af142d574db?s=96&d=mm&r=g\",\"url\":\"https:\\\/\\\/secure.gravatar.com\\\/avatar\\\/b5fb929655d7fd32c2b102c28de8c2e556deb359b8fc3b9630cf6af142d574db?s=96&d=mm&r=g\",\"contentUrl\":\"https:\\\/\\\/secure.gravatar.com\\\/avatar\\\/b5fb929655d7fd32c2b102c28de8c2e556deb359b8fc3b9630cf6af142d574db?s=96&d=mm&r=g\",\"caption\":\"L\u00e9ticia KWABONG\"},\"sameAs\":[\"https:\\\/\\\/parlonstechs.com\\\/\"],\"url\":\"https:\\\/\\\/parlonstechs.com\\\/all\\\/author\\\/leticia\\\/\"}]}<\/script>\n<!-- \/ Yoast SEO plugin. -->","yoast_head_json":{"title":"Un h\u00f4tel de luxe dans l'espace : VAST pr\u00e9pare sa premi\u00e8re station commerciale - Parlons Techs - Store","robots":{"index":"index","follow":"follow","max-snippet":"max-snippet:-1","max-image-preview":"max-image-preview:large","max-video-preview":"max-video-preview:-1"},"canonical":"https:\/\/parlonstechs.com\/all\/2024\/10\/15\/un-hotel-de-luxe-dans-lespace-vast-prepare-sa-premiere-station-commerciale\/","og_locale":"fr_FR","og_type":"article","og_title":"Un h\u00f4tel de luxe dans l'espace : VAST pr\u00e9pare sa premi\u00e8re station commerciale - Parlons Techs","og_description":"C&rsquo;est une promesse de volupt\u00e9 que l&rsquo;entreprise fond\u00e9e par le milliardaire Jed McCaleb compte bien transmettre \u00e0 ses futurs clients. Celle d&rsquo;une station spatiale priv\u00e9e tout enti\u00e8re destin\u00e9e d&rsquo;abord aux [&hellip;]","og_url":"https:\/\/parlonstechs.com\/all\/2024\/10\/15\/un-hotel-de-luxe-dans-lespace-vast-prepare-sa-premiere-station-commerciale\/","og_site_name":"Parlons Techs - Store","article_published_time":"2024-10-15T11:08:42+00:00","og_image":[{"width":900,"height":500,"url":"https:\/\/parlonstechs.com\/all\/wp-content\/uploads\/2024\/10\/source-1.jpg","type":"image\/jpeg"}],"author":"L\u00e9ticia KWABONG","twitter_card":"summary_large_image","twitter_title":"Un h\u00f4tel de luxe dans l'espace : VAST pr\u00e9pare sa premi\u00e8re station commerciale - Parlons Techs","twitter_image":"https:\/\/parlonstechs.com\/all\/wp-content\/uploads\/2024\/10\/source-1.jpg","twitter_misc":{"\u00c9crit par":"L\u00e9ticia KWABONG","Dur\u00e9e de lecture estim\u00e9e":"4 minutes"},"schema":{"@context":"https:\/\/schema.org","@graph":[{"@type":"Article","@id":"https:\/\/parlonstechs.com\/all\/2024\/10\/15\/un-hotel-de-luxe-dans-lespace-vast-prepare-sa-premiere-station-commerciale\/#article","isPartOf":{"@id":"https:\/\/parlonstechs.com\/all\/2024\/10\/15\/un-hotel-de-luxe-dans-lespace-vast-prepare-sa-premiere-station-commerciale\/"},"author":{"name":"L\u00e9ticia KWABONG","@id":"https:\/\/parlonstechs.com\/all\/#\/schema\/person\/d25fa33e557eb1a1a17047a25737fda9"},"headline":"Un h\u00f4tel de luxe dans l&rsquo;espace : VAST pr\u00e9pare sa premi\u00e8re station commerciale","datePublished":"2024-10-15T11:08:42+00:00","mainEntityOfPage":{"@id":"https:\/\/parlonstechs.com\/all\/2024\/10\/15\/un-hotel-de-luxe-dans-lespace-vast-prepare-sa-premiere-station-commerciale\/"},"wordCount":685,"commentCount":0,"image":{"@id":"https:\/\/parlonstechs.com\/all\/2024\/10\/15\/un-hotel-de-luxe-dans-lespace-vast-prepare-sa-premiere-station-commerciale\/#primaryimage"},"thumbnailUrl":"https:\/\/parlonstechs.com\/all\/wp-content\/uploads\/2024\/10\/ab-1.jpg","articleSection":["Actualit\u00e9","Espace","Innovation"],"inLanguage":"fr-FR","potentialAction":[{"@type":"CommentAction","name":"Comment","target":["https:\/\/parlonstechs.com\/all\/2024\/10\/15\/un-hotel-de-luxe-dans-lespace-vast-prepare-sa-premiere-station-commerciale\/#respond"]}]},{"@type":"WebPage","@id":"https:\/\/parlonstechs.com\/all\/2024\/10\/15\/un-hotel-de-luxe-dans-lespace-vast-prepare-sa-premiere-station-commerciale\/","url":"https:\/\/parlonstechs.com\/all\/2024\/10\/15\/un-hotel-de-luxe-dans-lespace-vast-prepare-sa-premiere-station-commerciale\/","name":"Un h\u00f4tel de luxe dans l'espace : VAST pr\u00e9pare sa premi\u00e8re station commerciale - Parlons Techs - Store","isPartOf":{"@id":"https:\/\/parlonstechs.com\/all\/#website"},"primaryImageOfPage":{"@id":"https:\/\/parlonstechs.com\/all\/2024\/10\/15\/un-hotel-de-luxe-dans-lespace-vast-prepare-sa-premiere-station-commerciale\/#primaryimage"},"image":{"@id":"https:\/\/parlonstechs.com\/all\/2024\/10\/15\/un-hotel-de-luxe-dans-lespace-vast-prepare-sa-premiere-station-commerciale\/#primaryimage"},"thumbnailUrl":"https:\/\/parlonstechs.com\/all\/wp-content\/uploads\/2024\/10\/ab-1.jpg","datePublished":"2024-10-15T11:08:42+00:00","author":{"@id":"https:\/\/parlonstechs.com\/all\/#\/schema\/person\/d25fa33e557eb1a1a17047a25737fda9"},"breadcrumb":{"@id":"https:\/\/parlonstechs.com\/all\/2024\/10\/15\/un-hotel-de-luxe-dans-lespace-vast-prepare-sa-premiere-station-commerciale\/#breadcrumb"},"inLanguage":"fr-FR","potentialAction":[{"@type":"ReadAction","target":["https:\/\/parlonstechs.com\/all\/2024\/10\/15\/un-hotel-de-luxe-dans-lespace-vast-prepare-sa-premiere-station-commerciale\/"]}]},{"@type":"ImageObject","inLanguage":"fr-FR","@id":"https:\/\/parlonstechs.com\/all\/2024\/10\/15\/un-hotel-de-luxe-dans-lespace-vast-prepare-sa-premiere-station-commerciale\/#primaryimage","url":"https:\/\/parlonstechs.com\/all\/wp-content\/uploads\/2024\/10\/ab-1.jpg","contentUrl":"https:\/\/parlonstechs.com\/all\/wp-content\/uploads\/2024\/10\/ab-1.jpg","width":265,"height":119},{"@type":"BreadcrumbList","@id":"https:\/\/parlonstechs.com\/all\/2024\/10\/15\/un-hotel-de-luxe-dans-lespace-vast-prepare-sa-premiere-station-commerciale\/#breadcrumb","itemListElement":[{"@type":"ListItem","position":1,"name":"Accueil","item":"https:\/\/parlonstechs.com\/all\/"},{"@type":"ListItem","position":2,"name":"Un h\u00f4tel de luxe dans l&rsquo;espace : VAST pr\u00e9pare sa premi\u00e8re station commerciale"}]},{"@type":"WebSite","@id":"https:\/\/parlonstechs.com\/all\/#website","url":"https:\/\/parlonstechs.com\/all\/","name":"Parlons Techs - Store","description":"Toute L&#039;Actualit\u00e9 sur La Technologie et La Science","potentialAction":[{"@type":"SearchAction","target":{"@type":"EntryPoint","urlTemplate":"https:\/\/parlonstechs.com\/all\/?s={search_term_string}"},"query-input":{"@type":"PropertyValueSpecification","valueRequired":true,"valueName":"search_term_string"}}],"inLanguage":"fr-FR"},{"@type":"Person","@id":"https:\/\/parlonstechs.com\/all\/#\/schema\/person\/d25fa33e557eb1a1a17047a25737fda9","name":"L\u00e9ticia KWABONG","image":{"@type":"ImageObject","inLanguage":"fr-FR","@id":"https:\/\/secure.gravatar.com\/avatar\/b5fb929655d7fd32c2b102c28de8c2e556deb359b8fc3b9630cf6af142d574db?s=96&d=mm&r=g","url":"https:\/\/secure.gravatar.com\/avatar\/b5fb929655d7fd32c2b102c28de8c2e556deb359b8fc3b9630cf6af142d574db?s=96&d=mm&r=g","contentUrl":"https:\/\/secure.gravatar.com\/avatar\/b5fb929655d7fd32c2b102c28de8c2e556deb359b8fc3b9630cf6af142d574db?s=96&d=mm&r=g","caption":"L\u00e9ticia KWABONG"},"sameAs":["https:\/\/parlonstechs.com\/"],"url":"https:\/\/parlonstechs.com\/all\/author\/leticia\/"}]}},"_links":{"self":[{"href":"https:\/\/parlonstechs.com\/all\/wp-json\/wp\/v2\/posts\/6862","targetHints":{"allow":["GET"]}}],"collection":[{"href":"https:\/\/parlonstechs.com\/all\/wp-json\/wp\/v2\/posts"}],"about":[{"href":"https:\/\/parlonstechs.com\/all\/wp-json\/wp\/v2\/types\/post"}],"author":[{"embeddable":true,"href":"https:\/\/parlonstechs.com\/all\/wp-json\/wp\/v2\/users\/2"}],"replies":[{"embeddable":true,"href":"https:\/\/parlonstechs.com\/all\/wp-json\/wp\/v2\/comments?post=6862"}],"version-history":[{"count":1,"href":"https:\/\/parlonstechs.com\/all\/wp-json\/wp\/v2\/posts\/6862\/revisions"}],"predecessor-version":[{"id":6865,"href":"https:\/\/parlonstechs.com\/all\/wp-json\/wp\/v2\/posts\/6862\/revisions\/6865"}],"wp:featuredmedia":[{"embeddable":true,"href":"https:\/\/parlonstechs.com\/all\/wp-json\/wp\/v2\/media\/6863"}],"wp:attachment":[{"href":"https:\/\/parlonstechs.com\/all\/wp-json\/wp\/v2\/media?parent=6862"}],"wp:term":[{"taxonomy":"category","embeddable":true,"href":"https:\/\/parlonstechs.com\/all\/wp-json\/wp\/v2\/categories?post=6862"},{"taxonomy":"post_tag","embeddable":true,"href":"https:\/\/parlonstechs.com\/all\/wp-json\/wp\/v2\/tags?post=6862"}],"curies":[{"name":"wp","href":"https:\/\/api.w.org\/{rel}","templated":true}]}}