
{"id":7089,"date":"2025-05-20T19:37:54","date_gmt":"2025-05-20T17:37:54","guid":{"rendered":"https:\/\/parlonstechs.com\/all\/?p=7089"},"modified":"2025-05-20T19:37:54","modified_gmt":"2025-05-20T17:37:54","slug":"telegram-pavel-durov-accuse-la-france-de-faire-de-lingerence-dans-les-elections-en-roumanie","status":"publish","type":"post","link":"https:\/\/parlonstechs.com\/all\/2025\/05\/20\/telegram-pavel-durov-accuse-la-france-de-faire-de-lingerence-dans-les-elections-en-roumanie\/","title":{"rendered":"Telegram : Pavel Durov accuse la France de faire de l&rsquo;ing\u00e9rence dans les \u00e9lections en Roumanie"},"content":{"rendered":"<p><img decoding=\"async\" src=\"https:\/\/cdnuploads.aa.com.tr\/uploads\/Contents\/2025\/05\/18\/thumbs_b_c_95e2e2a71353b0dcedbb5f3f2d5fb805.jpg?v=214500\" alt=\"Pr\u00e9sidentielle en Roumanie : Pavel Durov accuse la France d'&quot;ing\u00e9rence&quot;,  Paris d\u00e9nonce des all\u00e9gations &quot;infond\u00e9es&quot;\" \/><\/p>\n<h2><strong>Le patron de Telegram a post\u00e9 cet apr\u00e8s-midi sur son canal un message assez \u00e9tonnant. Il y explique avoir re\u00e7u des appels \u00e0 la censure quant aux \u00e9lections pr\u00e9sidentielles roumaines se tenant ce dimanche.<\/strong><\/h2>\n<p>Entre la France et le fondateur de\u00a0Telegram, Pavel Durov, \u00e7a n&rsquo;est clairement plus du tout une histoire d&rsquo;amour. En effet, apr\u00e8s avoir \u00e9t\u00e9 arr\u00eat\u00e9 en ao\u00fbt dernier, le milliardaire russe a certes coop\u00e9r\u00e9 avec les autorit\u00e9s fran\u00e7aises, mais a aussi plusieurs fois vertement critiqu\u00e9 le pouvoir hexagonal. Il y a quelques semaines, il annon\u00e7ait ainsi\u00a0le d\u00e9part de son application de l&rsquo;hexagone\u00a0si une loi venait \u00e0 l&rsquo;obliger \u00e0 installer un backdoor. Et aujourd&rsquo;hui, c&rsquo;est une attaque encore plus grave qu&rsquo;il porte contre Paris.<\/p>\n<p>&nbsp;<\/p>\n<h2 class=\"sc-728ee0ec-0 kXpSZv\">Pavel Durov dit avoir re\u00e7u des demandes de censure du camp conservateur aux \u00e9lections pr\u00e9sidentielles roumaines<\/h2>\n<p class=\"sc-64209548-0 kGWDwp\">Ce dimanche 18 mai a lieu en Roumanie une \u00e9lection pr\u00e9sidentielle sous tension depuis que la candidature du nationaliste C\u0103lin Georgescu a \u00e9t\u00e9 officiellement invalid\u00e9e. \u00c0 la place, ce camp est dor\u00e9navant repr\u00e9sent\u00e9 par George Simion, qui a r\u00e9cemment d\u00e9nonc\u00e9 des tentatives d&rsquo;ing\u00e9rence de la part d&rsquo;Emmanuel Macron dans ce scrutin.<\/p>\n<div>\n<div class=\"div-breakable\" data-adslot-top=\"1852.1375732421875\"><\/div>\n<\/div>\n<p class=\"sc-64209548-0 kGWDwp\">Et il n&rsquo;est pas le seul \u00e0 tenir ce genre de propos. Pavel Durov a en effet post\u00e9 dans l&rsquo;apr\u00e8s-midi de ce jour de vote un message dans son canal personnel expliquant avoir \u00e9t\u00e9 approch\u00e9 par un pays occidental afin de censurer les voix conservatrices. Il n&rsquo;a pas donn\u00e9 le nom du pays en question, mais pour rester tout de m\u00eame transparent, il l&rsquo;a caract\u00e9ris\u00e9 en utilisant l&#8217;emoji \u00ab\u00a0baguette\u00a0\u00bb. Une fa\u00e7on claire de d\u00e9signer la France.<\/p>\n<p>https:\/\/twitter.com\/durov\/status\/1924124841629651023?ref_src=twsrc%5Etfw%7Ctwcamp%5Etweetembed%7Ctwterm%5E1924124841629651023%7Ctwgr%5E90265ffb3e440c96aeeae0427827e605a1949f2b%7Ctwcon%5Es1_&#038;ref_url=https%3A%2F%2Fwww.clubic.com%2Factualite-565872-telegram-pavel-durov-accuse-la-france-de-faire-de-l-ingerence-dans-les-elections-en-roumanie.html<\/p>\n<p>&nbsp;<\/p>\n<div class=\"sc-1034f182-1 gwOHxK\">\n<div class=\"sc-67849c5f-0 EhBrF row\">\n<div class=\"sc-20bc4a14-0 isvZMS\">\n<h2 class=\"sc-728ee0ec-0 kXpSZv\">La diplomatie fran\u00e7aise nie toute ing\u00e9rence<\/h2>\n<\/div>\n<\/div>\n<\/div>\n<div class=\"sc-1034f182-1 gwOHxK\">\n<div>\n<div class=\"div-breakable\" data-adslot-top=\"2747.387451171875\">Et c&rsquo;est clairement de cette mani\u00e8re que le message a \u00e9t\u00e9 compris par de nombreux influenceurs nationalistes fran\u00e7ais qui se sont empress\u00e9s de relayer l&rsquo;accusation. Le compte de France Diplomatie n&rsquo;a pas non plus tard\u00e9 de son c\u00f4t\u00e9 \u00e0 r\u00e9agir pour nier cat\u00e9goriquement toute tentative d&rsquo;influer sur le scrutin de ce pays d&rsquo;Europe de l&rsquo;Est.<\/div>\n<\/div>\n<p>https:\/\/twitter.com\/francediplo\/status\/1924129503800127999?ref_src=twsrc%5Etfw%7Ctwcamp%5Etweetembed%7Ctwterm%5E1924129503800127999%7Ctwgr%5E90265ffb3e440c96aeeae0427827e605a1949f2b%7Ctwcon%5Es1_&#038;ref_url=https%3A%2F%2Fwww.clubic.com%2Factualite-565872-telegram-pavel-durov-accuse-la-france-de-faire-de-l-ingerence-dans-les-elections-en-roumanie.html<\/p>\n<p>\u00ab\u00a0<em>La France rejette cat\u00e9goriquement ces all\u00e9gations et appelle chacun \u00e0 la responsabilit\u00e9 et au respect de la d\u00e9mocratie roumaine<\/em>\u00a0\u00bb a-t-il \u00e9t\u00e9 affirm\u00e9. Rappelant de son c\u00f4t\u00e9 que les \u00e9lections avaient \u00e9t\u00e9 annul\u00e9es \u00e0 la suite de manipulations rep\u00e9r\u00e9es sur\u00a0TikTok\u00a0en faveur \u00e0 l&rsquo;\u00e9poque de C\u0103lin Georgescu, la diplomatie fran\u00e7aise estime que \u00ab\u00a0<em>les r\u00e9centes accusations contre la France ne sont qu&rsquo;une man\u0153uvre de diversion face aux r\u00e9elles menaces d&rsquo;ing\u00e9rences qui visent la Roumanie. La France appelle tous les acteurs politiques roumains \u00e0 la responsabilit\u00e9 et la d\u00e9fense de la d\u00e9mocratie<\/em>.\u00a0\u00bb Ambiance.<\/p>\n<p>avec clubic<\/p>\n<\/div>\n","protected":false},"excerpt":{"rendered":"<p>Le patron de Telegram a post\u00e9 cet apr\u00e8s-midi sur son canal un message assez \u00e9tonnant. Il y explique avoir re\u00e7u des appels \u00e0 la censure quant aux \u00e9lections pr\u00e9sidentielles roumaines [&hellip;]<\/p>\n","protected":false},"author":1,"featured_media":7090,"comment_status":"open","ping_status":"open","sticky":false,"template":"","format":"standard","meta":{"footnotes":""},"categories":[21,181,41],"tags":[],"class_list":["post-7089","post","type-post","status-publish","format-standard","has-post-thumbnail","hentry","category-actualite","category-internet","category-reseaux-sociaux"],"yoast_head":"<!-- This site is optimized with the Yoast SEO plugin v27.4 - https:\/\/yoast.com\/product\/yoast-seo-wordpress\/ -->\n<title>Telegram : Pavel Durov accuse la France de faire de l&#039;ing\u00e9rence dans les \u00e9lections en Roumanie - Parlons Techs - Store<\/title>\n<meta name=\"robots\" content=\"index, follow, max-snippet:-1, max-image-preview:large, max-video-preview:-1\" \/>\n<link rel=\"canonical\" href=\"https:\/\/parlonstechs.com\/all\/2025\/05\/20\/telegram-pavel-durov-accuse-la-france-de-faire-de-lingerence-dans-les-elections-en-roumanie\/\" \/>\n<meta property=\"og:locale\" content=\"fr_FR\" \/>\n<meta property=\"og:type\" content=\"article\" \/>\n<meta property=\"og:title\" content=\"Telegram : Pavel Durov accuse la France de faire de l&#039;ing\u00e9rence dans les \u00e9lections en Roumanie - ParlonsTechs\" \/>\n<meta property=\"og:description\" content=\"Le patron de Telegram a post\u00e9 cet apr\u00e8s-midi sur son canal un message assez \u00e9tonnant. Il y explique avoir re\u00e7u des appels \u00e0 la censure quant aux \u00e9lections pr\u00e9sidentielles roumaines [&hellip;]\" \/>\n<meta property=\"og:url\" content=\"https:\/\/parlonstechs.com\/all\/2025\/05\/20\/telegram-pavel-durov-accuse-la-france-de-faire-de-lingerence-dans-les-elections-en-roumanie\/\" \/>\n<meta property=\"og:site_name\" content=\"Parlons Techs - Store\" \/>\n<meta property=\"article:published_time\" content=\"2025-05-20T17:37:54+00:00\" \/>\n<meta property=\"og:image\" content=\"https:\/\/parlonstechs.com\/all\/wp-content\/uploads\/2025\/05\/social_affiche-6.jpg\" \/>\n\t<meta property=\"og:image:width\" content=\"900\" \/>\n\t<meta property=\"og:image:height\" content=\"500\" \/>\n\t<meta property=\"og:image:type\" content=\"image\/jpeg\" \/>\n<meta name=\"author\" content=\"wisdom\" \/>\n<meta name=\"twitter:card\" content=\"summary_large_image\" \/>\n<meta name=\"twitter:title\" content=\"Telegram : Pavel Durov accuse la France de faire de l&#039;ing\u00e9rence dans les \u00e9lections en Roumanie - ParlonsTechs\" \/>\n<meta name=\"twitter:image\" content=\"https:\/\/parlonstechs.com\/all\/wp-content\/uploads\/2025\/05\/social_affiche-6.jpg\" \/>\n<meta name=\"twitter:label1\" content=\"\u00c9crit par\" \/>\n\t<meta name=\"twitter:data1\" content=\"wisdom\" \/>\n\t<meta name=\"twitter:label2\" content=\"Dur\u00e9e de lecture estim\u00e9e\" \/>\n\t<meta name=\"twitter:data2\" content=\"3 minutes\" \/>\n<script type=\"application\/ld+json\" class=\"yoast-schema-graph\">{\"@context\":\"https:\\\/\\\/schema.org\",\"@graph\":[{\"@type\":\"Article\",\"@id\":\"https:\\\/\\\/parlonstechs.com\\\/all\\\/2025\\\/05\\\/20\\\/telegram-pavel-durov-accuse-la-france-de-faire-de-lingerence-dans-les-elections-en-roumanie\\\/#article\",\"isPartOf\":{\"@id\":\"https:\\\/\\\/parlonstechs.com\\\/all\\\/2025\\\/05\\\/20\\\/telegram-pavel-durov-accuse-la-france-de-faire-de-lingerence-dans-les-elections-en-roumanie\\\/\"},\"author\":{\"name\":\"wisdom\",\"@id\":\"https:\\\/\\\/parlonstechs.com\\\/all\\\/#\\\/schema\\\/person\\\/a93526e9c6c72ccb484abb7008892823\"},\"headline\":\"Telegram : Pavel Durov accuse la France de faire de l&rsquo;ing\u00e9rence dans les \u00e9lections en Roumanie\",\"datePublished\":\"2025-05-20T17:37:54+00:00\",\"mainEntityOfPage\":{\"@id\":\"https:\\\/\\\/parlonstechs.com\\\/all\\\/2025\\\/05\\\/20\\\/telegram-pavel-durov-accuse-la-france-de-faire-de-lingerence-dans-les-elections-en-roumanie\\\/\"},\"wordCount\":570,\"commentCount\":0,\"image\":{\"@id\":\"https:\\\/\\\/parlonstechs.com\\\/all\\\/2025\\\/05\\\/20\\\/telegram-pavel-durov-accuse-la-france-de-faire-de-lingerence-dans-les-elections-en-roumanie\\\/#primaryimage\"},\"thumbnailUrl\":\"https:\\\/\\\/parlonstechs.com\\\/all\\\/wp-content\\\/uploads\\\/2025\\\/05\\\/ab-7.jpg\",\"articleSection\":[\"Actualit\u00e9\",\"Internet\",\"R\u00e9seaux Sociaux\"],\"inLanguage\":\"fr-FR\",\"potentialAction\":[{\"@type\":\"CommentAction\",\"name\":\"Comment\",\"target\":[\"https:\\\/\\\/parlonstechs.com\\\/all\\\/2025\\\/05\\\/20\\\/telegram-pavel-durov-accuse-la-france-de-faire-de-lingerence-dans-les-elections-en-roumanie\\\/#respond\"]}]},{\"@type\":\"WebPage\",\"@id\":\"https:\\\/\\\/parlonstechs.com\\\/all\\\/2025\\\/05\\\/20\\\/telegram-pavel-durov-accuse-la-france-de-faire-de-lingerence-dans-les-elections-en-roumanie\\\/\",\"url\":\"https:\\\/\\\/parlonstechs.com\\\/all\\\/2025\\\/05\\\/20\\\/telegram-pavel-durov-accuse-la-france-de-faire-de-lingerence-dans-les-elections-en-roumanie\\\/\",\"name\":\"Telegram : Pavel Durov accuse la France de faire de l'ing\u00e9rence dans les \u00e9lections en Roumanie - Parlons Techs - Store\",\"isPartOf\":{\"@id\":\"https:\\\/\\\/parlonstechs.com\\\/all\\\/#website\"},\"primaryImageOfPage\":{\"@id\":\"https:\\\/\\\/parlonstechs.com\\\/all\\\/2025\\\/05\\\/20\\\/telegram-pavel-durov-accuse-la-france-de-faire-de-lingerence-dans-les-elections-en-roumanie\\\/#primaryimage\"},\"image\":{\"@id\":\"https:\\\/\\\/parlonstechs.com\\\/all\\\/2025\\\/05\\\/20\\\/telegram-pavel-durov-accuse-la-france-de-faire-de-lingerence-dans-les-elections-en-roumanie\\\/#primaryimage\"},\"thumbnailUrl\":\"https:\\\/\\\/parlonstechs.com\\\/all\\\/wp-content\\\/uploads\\\/2025\\\/05\\\/ab-7.jpg\",\"datePublished\":\"2025-05-20T17:37:54+00:00\",\"author\":{\"@id\":\"https:\\\/\\\/parlonstechs.com\\\/all\\\/#\\\/schema\\\/person\\\/a93526e9c6c72ccb484abb7008892823\"},\"breadcrumb\":{\"@id\":\"https:\\\/\\\/parlonstechs.com\\\/all\\\/2025\\\/05\\\/20\\\/telegram-pavel-durov-accuse-la-france-de-faire-de-lingerence-dans-les-elections-en-roumanie\\\/#breadcrumb\"},\"inLanguage\":\"fr-FR\",\"potentialAction\":[{\"@type\":\"ReadAction\",\"target\":[\"https:\\\/\\\/parlonstechs.com\\\/all\\\/2025\\\/05\\\/20\\\/telegram-pavel-durov-accuse-la-france-de-faire-de-lingerence-dans-les-elections-en-roumanie\\\/\"]}]},{\"@type\":\"ImageObject\",\"inLanguage\":\"fr-FR\",\"@id\":\"https:\\\/\\\/parlonstechs.com\\\/all\\\/2025\\\/05\\\/20\\\/telegram-pavel-durov-accuse-la-france-de-faire-de-lingerence-dans-les-elections-en-roumanie\\\/#primaryimage\",\"url\":\"https:\\\/\\\/parlonstechs.com\\\/all\\\/wp-content\\\/uploads\\\/2025\\\/05\\\/ab-7.jpg\",\"contentUrl\":\"https:\\\/\\\/parlonstechs.com\\\/all\\\/wp-content\\\/uploads\\\/2025\\\/05\\\/ab-7.jpg\",\"width\":265,\"height\":119},{\"@type\":\"BreadcrumbList\",\"@id\":\"https:\\\/\\\/parlonstechs.com\\\/all\\\/2025\\\/05\\\/20\\\/telegram-pavel-durov-accuse-la-france-de-faire-de-lingerence-dans-les-elections-en-roumanie\\\/#breadcrumb\",\"itemListElement\":[{\"@type\":\"ListItem\",\"position\":1,\"name\":\"Accueil\",\"item\":\"https:\\\/\\\/parlonstechs.com\\\/all\\\/\"},{\"@type\":\"ListItem\",\"position\":2,\"name\":\"Telegram : Pavel Durov accuse la France de faire de l&rsquo;ing\u00e9rence dans les \u00e9lections en Roumanie\"}]},{\"@type\":\"WebSite\",\"@id\":\"https:\\\/\\\/parlonstechs.com\\\/all\\\/#website\",\"url\":\"https:\\\/\\\/parlonstechs.com\\\/all\\\/\",\"name\":\"Parlons Techs - Store\",\"description\":\"Toute L&#039;Actualit\u00e9 sur La Technologie et La Science\",\"potentialAction\":[{\"@type\":\"SearchAction\",\"target\":{\"@type\":\"EntryPoint\",\"urlTemplate\":\"https:\\\/\\\/parlonstechs.com\\\/all\\\/?s={search_term_string}\"},\"query-input\":{\"@type\":\"PropertyValueSpecification\",\"valueRequired\":true,\"valueName\":\"search_term_string\"}}],\"inLanguage\":\"fr-FR\"},{\"@type\":\"Person\",\"@id\":\"https:\\\/\\\/parlonstechs.com\\\/all\\\/#\\\/schema\\\/person\\\/a93526e9c6c72ccb484abb7008892823\",\"name\":\"wisdom\",\"image\":{\"@type\":\"ImageObject\",\"inLanguage\":\"fr-FR\",\"@id\":\"https:\\\/\\\/secure.gravatar.com\\\/avatar\\\/e752642935d05c7ef20c7ff136e0baadd18b8f39f34dbcffed7f1221cb763284?s=96&d=mm&r=g\",\"url\":\"https:\\\/\\\/secure.gravatar.com\\\/avatar\\\/e752642935d05c7ef20c7ff136e0baadd18b8f39f34dbcffed7f1221cb763284?s=96&d=mm&r=g\",\"contentUrl\":\"https:\\\/\\\/secure.gravatar.com\\\/avatar\\\/e752642935d05c7ef20c7ff136e0baadd18b8f39f34dbcffed7f1221cb763284?s=96&d=mm&r=g\",\"caption\":\"wisdom\"},\"sameAs\":[\"https:\\\/\\\/parlonstechs.com\\\/all\"],\"url\":\"https:\\\/\\\/parlonstechs.com\\\/all\\\/author\\\/wisdom\\\/\"}]}<\/script>\n<!-- \/ Yoast SEO plugin. -->","yoast_head_json":{"title":"Telegram : Pavel Durov accuse la France de faire de l'ing\u00e9rence dans les \u00e9lections en Roumanie - Parlons Techs - Store","robots":{"index":"index","follow":"follow","max-snippet":"max-snippet:-1","max-image-preview":"max-image-preview:large","max-video-preview":"max-video-preview:-1"},"canonical":"https:\/\/parlonstechs.com\/all\/2025\/05\/20\/telegram-pavel-durov-accuse-la-france-de-faire-de-lingerence-dans-les-elections-en-roumanie\/","og_locale":"fr_FR","og_type":"article","og_title":"Telegram : Pavel Durov accuse la France de faire de l'ing\u00e9rence dans les \u00e9lections en Roumanie - ParlonsTechs","og_description":"Le patron de Telegram a post\u00e9 cet apr\u00e8s-midi sur son canal un message assez \u00e9tonnant. Il y explique avoir re\u00e7u des appels \u00e0 la censure quant aux \u00e9lections pr\u00e9sidentielles roumaines [&hellip;]","og_url":"https:\/\/parlonstechs.com\/all\/2025\/05\/20\/telegram-pavel-durov-accuse-la-france-de-faire-de-lingerence-dans-les-elections-en-roumanie\/","og_site_name":"Parlons Techs - Store","article_published_time":"2025-05-20T17:37:54+00:00","og_image":[{"width":900,"height":500,"url":"https:\/\/parlonstechs.com\/all\/wp-content\/uploads\/2025\/05\/social_affiche-6.jpg","type":"image\/jpeg"}],"author":"wisdom","twitter_card":"summary_large_image","twitter_title":"Telegram : Pavel Durov accuse la France de faire de l'ing\u00e9rence dans les \u00e9lections en Roumanie - ParlonsTechs","twitter_image":"https:\/\/parlonstechs.com\/all\/wp-content\/uploads\/2025\/05\/social_affiche-6.jpg","twitter_misc":{"\u00c9crit par":"wisdom","Dur\u00e9e de lecture estim\u00e9e":"3 minutes"},"schema":{"@context":"https:\/\/schema.org","@graph":[{"@type":"Article","@id":"https:\/\/parlonstechs.com\/all\/2025\/05\/20\/telegram-pavel-durov-accuse-la-france-de-faire-de-lingerence-dans-les-elections-en-roumanie\/#article","isPartOf":{"@id":"https:\/\/parlonstechs.com\/all\/2025\/05\/20\/telegram-pavel-durov-accuse-la-france-de-faire-de-lingerence-dans-les-elections-en-roumanie\/"},"author":{"name":"wisdom","@id":"https:\/\/parlonstechs.com\/all\/#\/schema\/person\/a93526e9c6c72ccb484abb7008892823"},"headline":"Telegram : Pavel Durov accuse la France de faire de l&rsquo;ing\u00e9rence dans les \u00e9lections en Roumanie","datePublished":"2025-05-20T17:37:54+00:00","mainEntityOfPage":{"@id":"https:\/\/parlonstechs.com\/all\/2025\/05\/20\/telegram-pavel-durov-accuse-la-france-de-faire-de-lingerence-dans-les-elections-en-roumanie\/"},"wordCount":570,"commentCount":0,"image":{"@id":"https:\/\/parlonstechs.com\/all\/2025\/05\/20\/telegram-pavel-durov-accuse-la-france-de-faire-de-lingerence-dans-les-elections-en-roumanie\/#primaryimage"},"thumbnailUrl":"https:\/\/parlonstechs.com\/all\/wp-content\/uploads\/2025\/05\/ab-7.jpg","articleSection":["Actualit\u00e9","Internet","R\u00e9seaux Sociaux"],"inLanguage":"fr-FR","potentialAction":[{"@type":"CommentAction","name":"Comment","target":["https:\/\/parlonstechs.com\/all\/2025\/05\/20\/telegram-pavel-durov-accuse-la-france-de-faire-de-lingerence-dans-les-elections-en-roumanie\/#respond"]}]},{"@type":"WebPage","@id":"https:\/\/parlonstechs.com\/all\/2025\/05\/20\/telegram-pavel-durov-accuse-la-france-de-faire-de-lingerence-dans-les-elections-en-roumanie\/","url":"https:\/\/parlonstechs.com\/all\/2025\/05\/20\/telegram-pavel-durov-accuse-la-france-de-faire-de-lingerence-dans-les-elections-en-roumanie\/","name":"Telegram : Pavel Durov accuse la France de faire de l'ing\u00e9rence dans les \u00e9lections en Roumanie - Parlons Techs - Store","isPartOf":{"@id":"https:\/\/parlonstechs.com\/all\/#website"},"primaryImageOfPage":{"@id":"https:\/\/parlonstechs.com\/all\/2025\/05\/20\/telegram-pavel-durov-accuse-la-france-de-faire-de-lingerence-dans-les-elections-en-roumanie\/#primaryimage"},"image":{"@id":"https:\/\/parlonstechs.com\/all\/2025\/05\/20\/telegram-pavel-durov-accuse-la-france-de-faire-de-lingerence-dans-les-elections-en-roumanie\/#primaryimage"},"thumbnailUrl":"https:\/\/parlonstechs.com\/all\/wp-content\/uploads\/2025\/05\/ab-7.jpg","datePublished":"2025-05-20T17:37:54+00:00","author":{"@id":"https:\/\/parlonstechs.com\/all\/#\/schema\/person\/a93526e9c6c72ccb484abb7008892823"},"breadcrumb":{"@id":"https:\/\/parlonstechs.com\/all\/2025\/05\/20\/telegram-pavel-durov-accuse-la-france-de-faire-de-lingerence-dans-les-elections-en-roumanie\/#breadcrumb"},"inLanguage":"fr-FR","potentialAction":[{"@type":"ReadAction","target":["https:\/\/parlonstechs.com\/all\/2025\/05\/20\/telegram-pavel-durov-accuse-la-france-de-faire-de-lingerence-dans-les-elections-en-roumanie\/"]}]},{"@type":"ImageObject","inLanguage":"fr-FR","@id":"https:\/\/parlonstechs.com\/all\/2025\/05\/20\/telegram-pavel-durov-accuse-la-france-de-faire-de-lingerence-dans-les-elections-en-roumanie\/#primaryimage","url":"https:\/\/parlonstechs.com\/all\/wp-content\/uploads\/2025\/05\/ab-7.jpg","contentUrl":"https:\/\/parlonstechs.com\/all\/wp-content\/uploads\/2025\/05\/ab-7.jpg","width":265,"height":119},{"@type":"BreadcrumbList","@id":"https:\/\/parlonstechs.com\/all\/2025\/05\/20\/telegram-pavel-durov-accuse-la-france-de-faire-de-lingerence-dans-les-elections-en-roumanie\/#breadcrumb","itemListElement":[{"@type":"ListItem","position":1,"name":"Accueil","item":"https:\/\/parlonstechs.com\/all\/"},{"@type":"ListItem","position":2,"name":"Telegram : Pavel Durov accuse la France de faire de l&rsquo;ing\u00e9rence dans les \u00e9lections en Roumanie"}]},{"@type":"WebSite","@id":"https:\/\/parlonstechs.com\/all\/#website","url":"https:\/\/parlonstechs.com\/all\/","name":"Parlons Techs - Store","description":"Toute L&#039;Actualit\u00e9 sur La Technologie et La Science","potentialAction":[{"@type":"SearchAction","target":{"@type":"EntryPoint","urlTemplate":"https:\/\/parlonstechs.com\/all\/?s={search_term_string}"},"query-input":{"@type":"PropertyValueSpecification","valueRequired":true,"valueName":"search_term_string"}}],"inLanguage":"fr-FR"},{"@type":"Person","@id":"https:\/\/parlonstechs.com\/all\/#\/schema\/person\/a93526e9c6c72ccb484abb7008892823","name":"wisdom","image":{"@type":"ImageObject","inLanguage":"fr-FR","@id":"https:\/\/secure.gravatar.com\/avatar\/e752642935d05c7ef20c7ff136e0baadd18b8f39f34dbcffed7f1221cb763284?s=96&d=mm&r=g","url":"https:\/\/secure.gravatar.com\/avatar\/e752642935d05c7ef20c7ff136e0baadd18b8f39f34dbcffed7f1221cb763284?s=96&d=mm&r=g","contentUrl":"https:\/\/secure.gravatar.com\/avatar\/e752642935d05c7ef20c7ff136e0baadd18b8f39f34dbcffed7f1221cb763284?s=96&d=mm&r=g","caption":"wisdom"},"sameAs":["https:\/\/parlonstechs.com\/all"],"url":"https:\/\/parlonstechs.com\/all\/author\/wisdom\/"}]}},"_links":{"self":[{"href":"https:\/\/parlonstechs.com\/all\/wp-json\/wp\/v2\/posts\/7089","targetHints":{"allow":["GET"]}}],"collection":[{"href":"https:\/\/parlonstechs.com\/all\/wp-json\/wp\/v2\/posts"}],"about":[{"href":"https:\/\/parlonstechs.com\/all\/wp-json\/wp\/v2\/types\/post"}],"author":[{"embeddable":true,"href":"https:\/\/parlonstechs.com\/all\/wp-json\/wp\/v2\/users\/1"}],"replies":[{"embeddable":true,"href":"https:\/\/parlonstechs.com\/all\/wp-json\/wp\/v2\/comments?post=7089"}],"version-history":[{"count":1,"href":"https:\/\/parlonstechs.com\/all\/wp-json\/wp\/v2\/posts\/7089\/revisions"}],"predecessor-version":[{"id":7092,"href":"https:\/\/parlonstechs.com\/all\/wp-json\/wp\/v2\/posts\/7089\/revisions\/7092"}],"wp:featuredmedia":[{"embeddable":true,"href":"https:\/\/parlonstechs.com\/all\/wp-json\/wp\/v2\/media\/7090"}],"wp:attachment":[{"href":"https:\/\/parlonstechs.com\/all\/wp-json\/wp\/v2\/media?parent=7089"}],"wp:term":[{"taxonomy":"category","embeddable":true,"href":"https:\/\/parlonstechs.com\/all\/wp-json\/wp\/v2\/categories?post=7089"},{"taxonomy":"post_tag","embeddable":true,"href":"https:\/\/parlonstechs.com\/all\/wp-json\/wp\/v2\/tags?post=7089"}],"curies":[{"name":"wp","href":"https:\/\/api.w.org\/{rel}","templated":true}]}}