
{"id":7145,"date":"2025-08-18T13:42:55","date_gmt":"2025-08-18T11:42:55","guid":{"rendered":"https:\/\/parlonstechs.com\/all\/?p=7145"},"modified":"2025-08-18T13:49:32","modified_gmt":"2025-08-18T11:49:32","slug":"6-choses-a-savoir-sur-alexandr-wang-chef-de-lia-chez-meta-a-seulement-28-ans","status":"publish","type":"post","link":"https:\/\/parlonstechs.com\/all\/2025\/08\/18\/6-choses-a-savoir-sur-alexandr-wang-chef-de-lia-chez-meta-a-seulement-28-ans\/","title":{"rendered":"6 choses \u00e0 savoir sur Alexandr Wang, chef de l\u2019IA chez Meta \u00e0 seulement 28 ans"},"content":{"rendered":"<p><img decoding=\"async\" src=\"https:\/\/miro.medium.com\/v2\/resize:fit:1400\/1*EilUcz8eZUsEtB3GrJQQBw.png\" alt=\"The 28-Year-Old Who Controls the Future of AI (And Why Zuckerberg Just Paid $15 Billion for Him) | by Solomon Eko | Medium\" \/><\/p>\n<div class=\"post-excerpt my-5 text-lg md:text-xl text-neutral-600 dark:text-neutral-300\">\n<h2>Du prodige de la programmation au strat\u00e8ge de la superintelligence, retour sur le parcours fulgurant d\u2019Alexandr Wang.<\/h2>\n<\/div>\n<div class=\"flex-none print:hidden\">\u00a0seulement 28 ans, il est l\u2019un des visages les plus embl\u00e9matiques de l\u2019intelligence artificielle (IA) g\u00e9n\u00e9rative. Au point m\u00eame que Mark Zuckerberg l\u2019a choisi pour devenir l\u2019\u00ab\u00a0<em>AI Chief Officer<\/em>\u00a0\u00bb de Meta. Voici tout ce qu\u2019il faut savoir sur un personnage d\u00e9j\u00e0 incontournable au sein de la Silicon Valley.<\/div>\n<div><\/div>\n<div>\n<h2>Un g\u00e9nie tr\u00e8s pr\u00e9coce<\/h2>\n<p>Alexandr Wang voit le jour en janvier 1997 \u00e0 Los Alamos, dans l\u2019\u00c9tat du Nouveau-Mexique, une ville connue pour avoir abrit\u00e9 le laboratoire national am\u00e9ricain o\u00f9 furent mises au point les premi\u00e8res armes nucl\u00e9aires. Ses parents, physiciens chinois immigr\u00e9s, y travaillaient tous deux, offrant \u00e0 leur fils un environnement baign\u00e9 de science et de technologie d\u00e8s son plus jeune \u00e2ge.<\/p>\n<p><strong>Tr\u00e8s t\u00f4t, Wang d\u00e9veloppe une passion pour les math\u00e9matiques et la programmation<\/strong>. Au lyc\u00e9e, il se distingue dans les concours les plus s\u00e9lectifs\u00a0: finaliste de l\u2019USA Computing Olympiad en 2012 et 2013, qualifi\u00e9 pour le prestigieux Math Olympiad Program en 2013, et membre de l\u2019\u00e9quipe am\u00e9ricaine de physique en 2014.<\/p>\n<p>Il termine le lyc\u00e9e avec une ann\u00e9e d\u2019avance \u00e0 seulement 17 ans, et file vers la Silicon Valley. Avant m\u00eame d\u2019entrer \u00e0 l\u2019universit\u00e9, il cumule d\u00e9j\u00e0 des exp\u00e9riences prestigieuses\u00a0:\u00a0<strong>ing\u00e9nieur logiciel chez Addepar, puis responsable technique chez Quora<\/strong>, o\u00f9 il travaille sur des projets de programmation avanc\u00e9e et d\u2019infrastructures en machine learning.<\/p>\n<\/div>\n<p>&nbsp;<\/p>\n<h2>Il a quitt\u00e9 le MIT pour poursuivre son aventure entrepreneuriale<\/h2>\n<p>Dans la foul\u00e9e, Alexandr Wang int\u00e8gre le prestigieux Massachusetts Institute of Technology (MIT). Il s\u2019attaque, d\u00e8s sa premi\u00e8re, ann\u00e9e \u00e0 des cours de machine learning de niveau master, preuve de sa maturit\u00e9 technique hors norme. En parall\u00e8le, il d\u00e9veloppe plusieurs projets, dont Ava, une application iPhone destin\u00e9e \u00e0 faciliter la prise de rendez-vous m\u00e9dicaux.<\/p>\n<p>Sa premi\u00e8re ann\u00e9e achev\u00e9e, il s\u2019interroge sur son futur. Une conversation d\u00e9cisive avec Eric Wu, PDG d\u2019Opendoor, finit de le convaincre\u00a0: plut\u00f4t que de suivre le parcours acad\u00e9mique classique, il doit se lancer dans l\u2019entrepreneuriat. Et ce qui devait \u00eatre \u00ab<em>\u00a0un simple projet d\u2019\u00e9t\u00e9<\/em>\u00a0\u00bb devient rapidement une aventure \u00e0 plein temps.<\/p>\n<p><strong>Avec le soutien de l\u2019acc\u00e9l\u00e9rateur Y Combinator, dirig\u00e9 alors par un certain\u00a0Sam Altman, il cofonde Scale AI avec\u00a0Lucy Guo<\/strong>. Son intuition est sans aucun doute la bonne ; selon lui, l\u2019intelligence artificielle ne peut progresser qu\u2019avec d\u2019\u00e9normes volumes de donn\u00e9es annot\u00e9es de qualit\u00e9.\u00a0<strong>Une vision qui allait devenir la pierre angulaire de son futur empire<\/strong>.<\/p>\n<p>&nbsp;<\/p>\n<h2>Il a connu les gal\u00e8res de l\u2019entreprenariat<\/h2>\n<p>Les d\u00e9buts ne sont pas forc\u00e9ment faciles.\u00a0<strong>Les jeunes co-fondateurs ont d\u00fb faire face aux r\u00e9alit\u00e9s crues du lancement d\u2019une startup avec des ressources tr\u00e8s limit\u00e9es, travaillant souvent de longues heures, avec des matelas pneumatiques pour se reposer<\/strong>.<\/p>\n<p>Ce cadre modeste a mis en \u00e9vidence leur courage et leur r\u00e9silience d\u2019entrepreneurs, alors qu\u2019ils faisaient face aux incertitudes initiales, qu\u2019ils d\u00e9veloppaient leur id\u00e9e de produit et qu\u2019ils cherchaient \u00e0 prouver la valeur de leur plateforme \u00e0 leurs premiers clients. Leurs efforts acharn\u00e9s et leur d\u00e9vouement dans des conditions aussi rudimentaires ont jet\u00e9 les bases de la croissance rapide de Scale AI et de son succ\u00e8s.<\/p>\n<p>&nbsp;<\/p>\n<h2>Son entreprise alimente l\u2019IA mondiale<\/h2>\n<p>Car Scale AI occupe aujourd\u2019hui une place centrale dans l\u2019\u00e9cosyst\u00e8me de l\u2019intelligence artificielle. Sa mission\u00a0:\u00a0<strong>transformer des donn\u00e9es brutes, c\u2019est-\u00e0-dire des images, vid\u00e9os, textes, capteurs 3D, etc., en ensembles parfaitement \u00e9tiquet\u00e9s et exploitables par les mod\u00e8les<\/strong>\u00a0de machine learning. Un travail de l\u2019ombre, mais absolument indispensable pour que les algorithmes puissent apprendre et s\u2019am\u00e9liorer.<\/p>\n<p>Concr\u00e8tement, l\u2019entreprise pr\u00e9pare et standardise les donn\u00e9es, con\u00e7oit des t\u00e2ches d\u2019annotation adapt\u00e9es aux besoins des clients, comme rep\u00e9rer les pi\u00e9tons sur une image pour un v\u00e9hicule autonome, puis combine expertise humaine et outils d\u2019automatisation pour produire des annotations d\u2019une pr\u00e9cision extr\u00eame. Chaque lot passe par plusieurs niveaux de contr\u00f4le qualit\u00e9 avant d\u2019\u00eatre livr\u00e9, pr\u00eat \u00e0 \u00eatre int\u00e9gr\u00e9 via API dans les flux d\u2019entra\u00eenement des mod\u00e8les.<\/p>\n<p>&nbsp;<\/p>\n<p>Dans un domaine o\u00f9 les applications les plus ambitieuses, de la conduite autonome au traitement du langage naturel, n\u00e9cessitent des volumes colossaux de donn\u00e9es fiables, Scale AI fait figure de partenaire incontournable.\u00a0<strong>Meta,\u00a0Microsoft, OpenAI ou encore\u00a0NVIDIA\u00a0comptent parmi ses clients, preuve de son r\u00f4le strat\u00e9gique dans la course mondiale \u00e0 l\u2019IA<\/strong>.<\/p>\n<p>&nbsp;<\/p>\n<h2>Le plus jeune milliardaire<\/h2>\n<p>En b\u00e2tissant l\u2019un des piliers techniques de l\u2019IA moderne, Alexandr Wang n\u2019a pas seulement gagn\u00e9 en influence\u00a0: il a aussi fait fortune.\u00a0<strong>En 2021, \u00e0 seulement 24 ans, il devient\u00a0le plus jeune \u00ab\u00a0<em>self-made<\/em>\u00a0\u00bb milliardaire de la plan\u00e8te\u00a0gr\u00e2ce \u00e0 l\u2019ascension fulgurante de Scale AI<\/strong>, alors valoris\u00e9e \u00e0 plus de 7 milliards de dollars.<\/p>\n<p>Sa participation dans l\u2019entreprise repr\u00e9sente une part consid\u00e9rable de sa richesse. Un parcours \u00e9clair qui illustre \u00e0 la fois sa ma\u00eetrise technique et son instinct d\u2019entrepreneur, dans un secteur o\u00f9 peu de fondateurs parviennent \u00e0 s\u2019imposer aussi vite aupr\u00e8s des g\u00e9ants de la tech.<\/p>\n<p>&nbsp;<\/p>\n<p><img loading=\"lazy\" decoding=\"async\" src=\"https:\/\/www.presse-citron.net\/app\/uploads\/2025\/05\/mark-zuckerberg.jpg\" alt=\"Mark Zuckerberg\" width=\"100\" height=\"500\" \/><\/p>\n<p>&nbsp;<\/p>\n<h2>Aux commandes de l\u2019IA chez Meta<\/h2>\n<p>En juin 2025, Meta nomme Alexandr Wang premier Chief AI Officer de son histoire.\u00a0<strong>Une d\u00e9cision qui s\u2019accompagne d\u2019un investissement massif, \u00e0 hauteur de pr\u00e8s de 50\u00a0% de Scale AI,\u00a0pour 14,3 milliards de dollars<\/strong>. \u00c0 la cl\u00e9, la cr\u00e9ation de Meta Superintelligence Labs (MSL), une entit\u00e9 qui regroupe les mod\u00e8les de fondation, les \u00e9quipes produits et la recherche avanc\u00e9e autour d\u2019un objectif clair\u00a0: d\u00e9velopper des syst\u00e8mes capables de d\u00e9passer l\u2019intelligence humaine.<\/p>\n<p>Pour y parvenir, Wang r\u00e9unit une dream team d\u2019ing\u00e9nieurs et de chercheurs issus des plus grands noms du secteur. Son r\u00f4le ne se limite pas \u00e0 la technique. Strat\u00e8ge et leader, Wang doit aussi renforcer l\u2019\u00e9cosyst\u00e8me IA existant de Meta, des mod\u00e8les Llama aux produits grand public, le tout en affrontant une concurrence f\u00e9roce. Et Mark Zuckerberg, dont les ambitions ne cessent de gonfler,\u00a0veille au grain. Sera-t-il \u00e0 la hauteur de ce nouveau d\u00e9fi\u00a0?<\/p>\n<p>avec presse citron<\/p>\n","protected":false},"excerpt":{"rendered":"<p>Du prodige de la programmation au strat\u00e8ge de la superintelligence, retour sur le parcours fulgurant d\u2019Alexandr Wang. \u00a0seulement 28 ans, il est l\u2019un des visages les plus embl\u00e9matiques de l\u2019intelligence [&hellip;]<\/p>\n","protected":false},"author":1,"featured_media":7146,"comment_status":"open","ping_status":"open","sticky":false,"template":"","format":"standard","meta":{"footnotes":""},"categories":[21,192],"tags":[],"class_list":["post-7145","post","type-post","status-publish","format-standard","has-post-thumbnail","hentry","category-actualite","category-ia"],"yoast_head":"<!-- This site is optimized with the Yoast SEO plugin v27.4 - https:\/\/yoast.com\/product\/yoast-seo-wordpress\/ -->\n<title>6 choses \u00e0 savoir sur Alexandr Wang, chef de l\u2019IA chez Meta \u00e0 seulement 28 ans - Parlons Techs - Store<\/title>\n<meta name=\"robots\" content=\"index, follow, max-snippet:-1, max-image-preview:large, max-video-preview:-1\" \/>\n<link rel=\"canonical\" href=\"https:\/\/parlonstechs.com\/all\/2025\/08\/18\/6-choses-a-savoir-sur-alexandr-wang-chef-de-lia-chez-meta-a-seulement-28-ans\/\" \/>\n<meta property=\"og:locale\" content=\"fr_FR\" \/>\n<meta property=\"og:type\" content=\"article\" \/>\n<meta property=\"og:title\" content=\"6 choses \u00e0 savoir sur Alexandr Wang, chef de l\u2019IA chez Meta \u00e0 seulement 28 ans - ParlonsTechs\" \/>\n<meta property=\"og:description\" content=\"Du prodige de la programmation au strat\u00e8ge de la superintelligence, retour sur le parcours fulgurant d\u2019Alexandr Wang. \u00a0seulement 28 ans, il est l\u2019un des visages les plus embl\u00e9matiques de l\u2019intelligence [&hellip;]\" \/>\n<meta property=\"og:url\" content=\"https:\/\/parlonstechs.com\/all\/2025\/08\/18\/6-choses-a-savoir-sur-alexandr-wang-chef-de-lia-chez-meta-a-seulement-28-ans\/\" \/>\n<meta property=\"og:site_name\" content=\"Parlons Techs - Store\" \/>\n<meta property=\"article:published_time\" content=\"2025-08-18T11:42:55+00:00\" \/>\n<meta property=\"article:modified_time\" content=\"2025-08-18T11:49:32+00:00\" \/>\n<meta property=\"og:image\" content=\"https:\/\/parlonstechs.com\/all\/wp-content\/uploads\/2025\/08\/social_affiche-1.jpg\" \/>\n\t<meta property=\"og:image:width\" content=\"900\" \/>\n\t<meta property=\"og:image:height\" content=\"500\" \/>\n\t<meta property=\"og:image:type\" content=\"image\/jpeg\" \/>\n<meta name=\"author\" content=\"wisdom\" \/>\n<meta name=\"twitter:card\" content=\"summary_large_image\" \/>\n<meta name=\"twitter:title\" content=\"6 choses \u00e0 savoir sur Alexandr Wang, chef de l\u2019IA chez Meta \u00e0 seulement 28 ans - ParlonsTechs\" \/>\n<meta name=\"twitter:image\" content=\"https:\/\/parlonstechs.com\/all\/wp-content\/uploads\/2025\/08\/social_affiche-1.jpg\" \/>\n<meta name=\"twitter:label1\" content=\"\u00c9crit par\" \/>\n\t<meta name=\"twitter:data1\" content=\"wisdom\" \/>\n\t<meta name=\"twitter:label2\" content=\"Dur\u00e9e de lecture estim\u00e9e\" \/>\n\t<meta name=\"twitter:data2\" content=\"6 minutes\" \/>\n<script type=\"application\/ld+json\" class=\"yoast-schema-graph\">{\"@context\":\"https:\\\/\\\/schema.org\",\"@graph\":[{\"@type\":\"Article\",\"@id\":\"https:\\\/\\\/parlonstechs.com\\\/all\\\/2025\\\/08\\\/18\\\/6-choses-a-savoir-sur-alexandr-wang-chef-de-lia-chez-meta-a-seulement-28-ans\\\/#article\",\"isPartOf\":{\"@id\":\"https:\\\/\\\/parlonstechs.com\\\/all\\\/2025\\\/08\\\/18\\\/6-choses-a-savoir-sur-alexandr-wang-chef-de-lia-chez-meta-a-seulement-28-ans\\\/\"},\"author\":{\"name\":\"wisdom\",\"@id\":\"https:\\\/\\\/parlonstechs.com\\\/all\\\/#\\\/schema\\\/person\\\/a93526e9c6c72ccb484abb7008892823\"},\"headline\":\"6 choses \u00e0 savoir sur Alexandr Wang, chef de l\u2019IA chez Meta \u00e0 seulement 28 ans\",\"datePublished\":\"2025-08-18T11:42:55+00:00\",\"dateModified\":\"2025-08-18T11:49:32+00:00\",\"mainEntityOfPage\":{\"@id\":\"https:\\\/\\\/parlonstechs.com\\\/all\\\/2025\\\/08\\\/18\\\/6-choses-a-savoir-sur-alexandr-wang-chef-de-lia-chez-meta-a-seulement-28-ans\\\/\"},\"wordCount\":1103,\"commentCount\":0,\"image\":{\"@id\":\"https:\\\/\\\/parlonstechs.com\\\/all\\\/2025\\\/08\\\/18\\\/6-choses-a-savoir-sur-alexandr-wang-chef-de-lia-chez-meta-a-seulement-28-ans\\\/#primaryimage\"},\"thumbnailUrl\":\"https:\\\/\\\/parlonstechs.com\\\/all\\\/wp-content\\\/uploads\\\/2025\\\/08\\\/ab-1.jpg\",\"articleSection\":[\"Actualit\u00e9\",\"IA\"],\"inLanguage\":\"fr-FR\",\"potentialAction\":[{\"@type\":\"CommentAction\",\"name\":\"Comment\",\"target\":[\"https:\\\/\\\/parlonstechs.com\\\/all\\\/2025\\\/08\\\/18\\\/6-choses-a-savoir-sur-alexandr-wang-chef-de-lia-chez-meta-a-seulement-28-ans\\\/#respond\"]}]},{\"@type\":\"WebPage\",\"@id\":\"https:\\\/\\\/parlonstechs.com\\\/all\\\/2025\\\/08\\\/18\\\/6-choses-a-savoir-sur-alexandr-wang-chef-de-lia-chez-meta-a-seulement-28-ans\\\/\",\"url\":\"https:\\\/\\\/parlonstechs.com\\\/all\\\/2025\\\/08\\\/18\\\/6-choses-a-savoir-sur-alexandr-wang-chef-de-lia-chez-meta-a-seulement-28-ans\\\/\",\"name\":\"6 choses \u00e0 savoir sur Alexandr Wang, chef de l\u2019IA chez Meta \u00e0 seulement 28 ans - Parlons Techs - Store\",\"isPartOf\":{\"@id\":\"https:\\\/\\\/parlonstechs.com\\\/all\\\/#website\"},\"primaryImageOfPage\":{\"@id\":\"https:\\\/\\\/parlonstechs.com\\\/all\\\/2025\\\/08\\\/18\\\/6-choses-a-savoir-sur-alexandr-wang-chef-de-lia-chez-meta-a-seulement-28-ans\\\/#primaryimage\"},\"image\":{\"@id\":\"https:\\\/\\\/parlonstechs.com\\\/all\\\/2025\\\/08\\\/18\\\/6-choses-a-savoir-sur-alexandr-wang-chef-de-lia-chez-meta-a-seulement-28-ans\\\/#primaryimage\"},\"thumbnailUrl\":\"https:\\\/\\\/parlonstechs.com\\\/all\\\/wp-content\\\/uploads\\\/2025\\\/08\\\/ab-1.jpg\",\"datePublished\":\"2025-08-18T11:42:55+00:00\",\"dateModified\":\"2025-08-18T11:49:32+00:00\",\"author\":{\"@id\":\"https:\\\/\\\/parlonstechs.com\\\/all\\\/#\\\/schema\\\/person\\\/a93526e9c6c72ccb484abb7008892823\"},\"breadcrumb\":{\"@id\":\"https:\\\/\\\/parlonstechs.com\\\/all\\\/2025\\\/08\\\/18\\\/6-choses-a-savoir-sur-alexandr-wang-chef-de-lia-chez-meta-a-seulement-28-ans\\\/#breadcrumb\"},\"inLanguage\":\"fr-FR\",\"potentialAction\":[{\"@type\":\"ReadAction\",\"target\":[\"https:\\\/\\\/parlonstechs.com\\\/all\\\/2025\\\/08\\\/18\\\/6-choses-a-savoir-sur-alexandr-wang-chef-de-lia-chez-meta-a-seulement-28-ans\\\/\"]}]},{\"@type\":\"ImageObject\",\"inLanguage\":\"fr-FR\",\"@id\":\"https:\\\/\\\/parlonstechs.com\\\/all\\\/2025\\\/08\\\/18\\\/6-choses-a-savoir-sur-alexandr-wang-chef-de-lia-chez-meta-a-seulement-28-ans\\\/#primaryimage\",\"url\":\"https:\\\/\\\/parlonstechs.com\\\/all\\\/wp-content\\\/uploads\\\/2025\\\/08\\\/ab-1.jpg\",\"contentUrl\":\"https:\\\/\\\/parlonstechs.com\\\/all\\\/wp-content\\\/uploads\\\/2025\\\/08\\\/ab-1.jpg\",\"width\":265,\"height\":119},{\"@type\":\"BreadcrumbList\",\"@id\":\"https:\\\/\\\/parlonstechs.com\\\/all\\\/2025\\\/08\\\/18\\\/6-choses-a-savoir-sur-alexandr-wang-chef-de-lia-chez-meta-a-seulement-28-ans\\\/#breadcrumb\",\"itemListElement\":[{\"@type\":\"ListItem\",\"position\":1,\"name\":\"Accueil\",\"item\":\"https:\\\/\\\/parlonstechs.com\\\/all\\\/\"},{\"@type\":\"ListItem\",\"position\":2,\"name\":\"6 choses \u00e0 savoir sur Alexandr Wang, chef de l\u2019IA chez Meta \u00e0 seulement 28 ans\"}]},{\"@type\":\"WebSite\",\"@id\":\"https:\\\/\\\/parlonstechs.com\\\/all\\\/#website\",\"url\":\"https:\\\/\\\/parlonstechs.com\\\/all\\\/\",\"name\":\"Parlons Techs - Store\",\"description\":\"Toute L&#039;Actualit\u00e9 sur La Technologie et La Science\",\"potentialAction\":[{\"@type\":\"SearchAction\",\"target\":{\"@type\":\"EntryPoint\",\"urlTemplate\":\"https:\\\/\\\/parlonstechs.com\\\/all\\\/?s={search_term_string}\"},\"query-input\":{\"@type\":\"PropertyValueSpecification\",\"valueRequired\":true,\"valueName\":\"search_term_string\"}}],\"inLanguage\":\"fr-FR\"},{\"@type\":\"Person\",\"@id\":\"https:\\\/\\\/parlonstechs.com\\\/all\\\/#\\\/schema\\\/person\\\/a93526e9c6c72ccb484abb7008892823\",\"name\":\"wisdom\",\"image\":{\"@type\":\"ImageObject\",\"inLanguage\":\"fr-FR\",\"@id\":\"https:\\\/\\\/secure.gravatar.com\\\/avatar\\\/e752642935d05c7ef20c7ff136e0baadd18b8f39f34dbcffed7f1221cb763284?s=96&d=mm&r=g\",\"url\":\"https:\\\/\\\/secure.gravatar.com\\\/avatar\\\/e752642935d05c7ef20c7ff136e0baadd18b8f39f34dbcffed7f1221cb763284?s=96&d=mm&r=g\",\"contentUrl\":\"https:\\\/\\\/secure.gravatar.com\\\/avatar\\\/e752642935d05c7ef20c7ff136e0baadd18b8f39f34dbcffed7f1221cb763284?s=96&d=mm&r=g\",\"caption\":\"wisdom\"},\"sameAs\":[\"https:\\\/\\\/parlonstechs.com\\\/all\"],\"url\":\"https:\\\/\\\/parlonstechs.com\\\/all\\\/author\\\/wisdom\\\/\"}]}<\/script>\n<!-- \/ Yoast SEO plugin. -->","yoast_head_json":{"title":"6 choses \u00e0 savoir sur Alexandr Wang, chef de l\u2019IA chez Meta \u00e0 seulement 28 ans - Parlons Techs - Store","robots":{"index":"index","follow":"follow","max-snippet":"max-snippet:-1","max-image-preview":"max-image-preview:large","max-video-preview":"max-video-preview:-1"},"canonical":"https:\/\/parlonstechs.com\/all\/2025\/08\/18\/6-choses-a-savoir-sur-alexandr-wang-chef-de-lia-chez-meta-a-seulement-28-ans\/","og_locale":"fr_FR","og_type":"article","og_title":"6 choses \u00e0 savoir sur Alexandr Wang, chef de l\u2019IA chez Meta \u00e0 seulement 28 ans - ParlonsTechs","og_description":"Du prodige de la programmation au strat\u00e8ge de la superintelligence, retour sur le parcours fulgurant d\u2019Alexandr Wang. \u00a0seulement 28 ans, il est l\u2019un des visages les plus embl\u00e9matiques de l\u2019intelligence [&hellip;]","og_url":"https:\/\/parlonstechs.com\/all\/2025\/08\/18\/6-choses-a-savoir-sur-alexandr-wang-chef-de-lia-chez-meta-a-seulement-28-ans\/","og_site_name":"Parlons Techs - Store","article_published_time":"2025-08-18T11:42:55+00:00","article_modified_time":"2025-08-18T11:49:32+00:00","og_image":[{"width":900,"height":500,"url":"https:\/\/parlonstechs.com\/all\/wp-content\/uploads\/2025\/08\/social_affiche-1.jpg","type":"image\/jpeg"}],"author":"wisdom","twitter_card":"summary_large_image","twitter_title":"6 choses \u00e0 savoir sur Alexandr Wang, chef de l\u2019IA chez Meta \u00e0 seulement 28 ans - ParlonsTechs","twitter_image":"https:\/\/parlonstechs.com\/all\/wp-content\/uploads\/2025\/08\/social_affiche-1.jpg","twitter_misc":{"\u00c9crit par":"wisdom","Dur\u00e9e de lecture estim\u00e9e":"6 minutes"},"schema":{"@context":"https:\/\/schema.org","@graph":[{"@type":"Article","@id":"https:\/\/parlonstechs.com\/all\/2025\/08\/18\/6-choses-a-savoir-sur-alexandr-wang-chef-de-lia-chez-meta-a-seulement-28-ans\/#article","isPartOf":{"@id":"https:\/\/parlonstechs.com\/all\/2025\/08\/18\/6-choses-a-savoir-sur-alexandr-wang-chef-de-lia-chez-meta-a-seulement-28-ans\/"},"author":{"name":"wisdom","@id":"https:\/\/parlonstechs.com\/all\/#\/schema\/person\/a93526e9c6c72ccb484abb7008892823"},"headline":"6 choses \u00e0 savoir sur Alexandr Wang, chef de l\u2019IA chez Meta \u00e0 seulement 28 ans","datePublished":"2025-08-18T11:42:55+00:00","dateModified":"2025-08-18T11:49:32+00:00","mainEntityOfPage":{"@id":"https:\/\/parlonstechs.com\/all\/2025\/08\/18\/6-choses-a-savoir-sur-alexandr-wang-chef-de-lia-chez-meta-a-seulement-28-ans\/"},"wordCount":1103,"commentCount":0,"image":{"@id":"https:\/\/parlonstechs.com\/all\/2025\/08\/18\/6-choses-a-savoir-sur-alexandr-wang-chef-de-lia-chez-meta-a-seulement-28-ans\/#primaryimage"},"thumbnailUrl":"https:\/\/parlonstechs.com\/all\/wp-content\/uploads\/2025\/08\/ab-1.jpg","articleSection":["Actualit\u00e9","IA"],"inLanguage":"fr-FR","potentialAction":[{"@type":"CommentAction","name":"Comment","target":["https:\/\/parlonstechs.com\/all\/2025\/08\/18\/6-choses-a-savoir-sur-alexandr-wang-chef-de-lia-chez-meta-a-seulement-28-ans\/#respond"]}]},{"@type":"WebPage","@id":"https:\/\/parlonstechs.com\/all\/2025\/08\/18\/6-choses-a-savoir-sur-alexandr-wang-chef-de-lia-chez-meta-a-seulement-28-ans\/","url":"https:\/\/parlonstechs.com\/all\/2025\/08\/18\/6-choses-a-savoir-sur-alexandr-wang-chef-de-lia-chez-meta-a-seulement-28-ans\/","name":"6 choses \u00e0 savoir sur Alexandr Wang, chef de l\u2019IA chez Meta \u00e0 seulement 28 ans - Parlons Techs - Store","isPartOf":{"@id":"https:\/\/parlonstechs.com\/all\/#website"},"primaryImageOfPage":{"@id":"https:\/\/parlonstechs.com\/all\/2025\/08\/18\/6-choses-a-savoir-sur-alexandr-wang-chef-de-lia-chez-meta-a-seulement-28-ans\/#primaryimage"},"image":{"@id":"https:\/\/parlonstechs.com\/all\/2025\/08\/18\/6-choses-a-savoir-sur-alexandr-wang-chef-de-lia-chez-meta-a-seulement-28-ans\/#primaryimage"},"thumbnailUrl":"https:\/\/parlonstechs.com\/all\/wp-content\/uploads\/2025\/08\/ab-1.jpg","datePublished":"2025-08-18T11:42:55+00:00","dateModified":"2025-08-18T11:49:32+00:00","author":{"@id":"https:\/\/parlonstechs.com\/all\/#\/schema\/person\/a93526e9c6c72ccb484abb7008892823"},"breadcrumb":{"@id":"https:\/\/parlonstechs.com\/all\/2025\/08\/18\/6-choses-a-savoir-sur-alexandr-wang-chef-de-lia-chez-meta-a-seulement-28-ans\/#breadcrumb"},"inLanguage":"fr-FR","potentialAction":[{"@type":"ReadAction","target":["https:\/\/parlonstechs.com\/all\/2025\/08\/18\/6-choses-a-savoir-sur-alexandr-wang-chef-de-lia-chez-meta-a-seulement-28-ans\/"]}]},{"@type":"ImageObject","inLanguage":"fr-FR","@id":"https:\/\/parlonstechs.com\/all\/2025\/08\/18\/6-choses-a-savoir-sur-alexandr-wang-chef-de-lia-chez-meta-a-seulement-28-ans\/#primaryimage","url":"https:\/\/parlonstechs.com\/all\/wp-content\/uploads\/2025\/08\/ab-1.jpg","contentUrl":"https:\/\/parlonstechs.com\/all\/wp-content\/uploads\/2025\/08\/ab-1.jpg","width":265,"height":119},{"@type":"BreadcrumbList","@id":"https:\/\/parlonstechs.com\/all\/2025\/08\/18\/6-choses-a-savoir-sur-alexandr-wang-chef-de-lia-chez-meta-a-seulement-28-ans\/#breadcrumb","itemListElement":[{"@type":"ListItem","position":1,"name":"Accueil","item":"https:\/\/parlonstechs.com\/all\/"},{"@type":"ListItem","position":2,"name":"6 choses \u00e0 savoir sur Alexandr Wang, chef de l\u2019IA chez Meta \u00e0 seulement 28 ans"}]},{"@type":"WebSite","@id":"https:\/\/parlonstechs.com\/all\/#website","url":"https:\/\/parlonstechs.com\/all\/","name":"Parlons Techs - Store","description":"Toute L&#039;Actualit\u00e9 sur La Technologie et La Science","potentialAction":[{"@type":"SearchAction","target":{"@type":"EntryPoint","urlTemplate":"https:\/\/parlonstechs.com\/all\/?s={search_term_string}"},"query-input":{"@type":"PropertyValueSpecification","valueRequired":true,"valueName":"search_term_string"}}],"inLanguage":"fr-FR"},{"@type":"Person","@id":"https:\/\/parlonstechs.com\/all\/#\/schema\/person\/a93526e9c6c72ccb484abb7008892823","name":"wisdom","image":{"@type":"ImageObject","inLanguage":"fr-FR","@id":"https:\/\/secure.gravatar.com\/avatar\/e752642935d05c7ef20c7ff136e0baadd18b8f39f34dbcffed7f1221cb763284?s=96&d=mm&r=g","url":"https:\/\/secure.gravatar.com\/avatar\/e752642935d05c7ef20c7ff136e0baadd18b8f39f34dbcffed7f1221cb763284?s=96&d=mm&r=g","contentUrl":"https:\/\/secure.gravatar.com\/avatar\/e752642935d05c7ef20c7ff136e0baadd18b8f39f34dbcffed7f1221cb763284?s=96&d=mm&r=g","caption":"wisdom"},"sameAs":["https:\/\/parlonstechs.com\/all"],"url":"https:\/\/parlonstechs.com\/all\/author\/wisdom\/"}]}},"_links":{"self":[{"href":"https:\/\/parlonstechs.com\/all\/wp-json\/wp\/v2\/posts\/7145","targetHints":{"allow":["GET"]}}],"collection":[{"href":"https:\/\/parlonstechs.com\/all\/wp-json\/wp\/v2\/posts"}],"about":[{"href":"https:\/\/parlonstechs.com\/all\/wp-json\/wp\/v2\/types\/post"}],"author":[{"embeddable":true,"href":"https:\/\/parlonstechs.com\/all\/wp-json\/wp\/v2\/users\/1"}],"replies":[{"embeddable":true,"href":"https:\/\/parlonstechs.com\/all\/wp-json\/wp\/v2\/comments?post=7145"}],"version-history":[{"count":5,"href":"https:\/\/parlonstechs.com\/all\/wp-json\/wp\/v2\/posts\/7145\/revisions"}],"predecessor-version":[{"id":7152,"href":"https:\/\/parlonstechs.com\/all\/wp-json\/wp\/v2\/posts\/7145\/revisions\/7152"}],"wp:featuredmedia":[{"embeddable":true,"href":"https:\/\/parlonstechs.com\/all\/wp-json\/wp\/v2\/media\/7146"}],"wp:attachment":[{"href":"https:\/\/parlonstechs.com\/all\/wp-json\/wp\/v2\/media?parent=7145"}],"wp:term":[{"taxonomy":"category","embeddable":true,"href":"https:\/\/parlonstechs.com\/all\/wp-json\/wp\/v2\/categories?post=7145"},{"taxonomy":"post_tag","embeddable":true,"href":"https:\/\/parlonstechs.com\/all\/wp-json\/wp\/v2\/tags?post=7145"}],"curies":[{"name":"wp","href":"https:\/\/api.w.org\/{rel}","templated":true}]}}