
{"id":7170,"date":"2025-08-25T15:35:16","date_gmt":"2025-08-25T13:35:16","guid":{"rendered":"https:\/\/parlonstechs.com\/all\/?p=7170"},"modified":"2025-08-25T15:35:16","modified_gmt":"2025-08-25T13:35:16","slug":"erreur-de-la-police-francaise-pavel-durov-a-la-tete-de-telegram-met-la-pression-sur-paris","status":"publish","type":"post","link":"https:\/\/parlonstechs.com\/all\/2025\/08\/25\/erreur-de-la-police-francaise-pavel-durov-a-la-tete-de-telegram-met-la-pression-sur-paris\/","title":{"rendered":"\u00ab Erreur de la police fran\u00e7aise \u00bb : Pavel Durov \u00e0 la t\u00eate de Telegram met la pression sur Paris"},"content":{"rendered":"<p><img decoding=\"async\" src=\"https:\/\/www.franceinfo.fr\/pictures\/a_jqLomf0MVSLfJedEs26up4-PU\/0x408:2587x1864\/432x243\/filters:format(jpg)\/2024\/08\/25\/063-489468116-66cb3997ec2e9072497289.jpg\" alt=\"Interpellation du fondateur de Telegram : &quot;On lui reproche d'\u00eatre  d\u00e9faillant dans la mod\u00e9ration des contenus&quot;, explique un sp\u00e9cialiste\" \/><\/p>\n<h2>Dimanche 24 ao\u00fbt dans la soir\u00e9e, Pavel Durov, le fondateur de la messagerie chiffr\u00e9e Telegram, a envoy\u00e9 un message \u00e0 tous ses abonn\u00e9s fran\u00e7ais fustigeant \u00ab\u00a0l\u2019enqu\u00eate criminelle\u00a0\u00bb et \u00ab\u00a0l\u2019arrestation\u00a0\u00bb dont il a \u00e9t\u00e9 l\u2019objet un an plus t\u00f4t.<\/h2>\n<p>Une arrestation \u00ab\u00a0<em>absurde et sans fondement<\/em>\u00a0\u00bb, une \u00ab\u00a0<em>erreur de la police fran\u00e7aise<\/em>\u00a0\u00bb\u2026. Dimanche 24 ao\u00fbt dans la soir\u00e9e,\u00a0Pavel Durov\u00a0a une\u00a0<a href=\"https:\/\/x.com\/durov\/status\/1959676036507205649\" target=\"_blank\" rel=\"false noopener\">notification de service<\/a>\u00a0acerbe aux utilisateurs fran\u00e7ais de Telegram, fustigeant la proc\u00e9dure initi\u00e9e un an plus t\u00f4t par Paris.\u00a0Le 24 ao\u00fbt 2024, l\u2019homme \u00e0 la t\u00eate de la plateforme aux 950 millions d\u2019utilisateurs dans le monde \u00e9tait interpell\u00e9\u00a0au Bourget.<\/p>\n<p>Quatre jours plus tard, Pavel Durov \u00e9tait mis en examen pour 12 chefs d\u2019accusation lanc\u00e9s contre \u00ab\u00a0<em>une personne non d\u00e9nomm\u00e9e<\/em>\u00a0\u00bb, dont la complicit\u00e9 pour d\u00e9tention et diffusion d\u2019images p\u00e9dopornographiques, le refus de communiquer des informations n\u00e9cessaires pour la r\u00e9alisation et l\u2019exploitation des interceptions autoris\u00e9es par la loi, le blanchiment de crimes ou d\u00e9lits en bande organis\u00e9e, ou encore la complicit\u00e9 d\u2019administration d\u2019une plateforme en ligne pour permettre une transaction illicite, en bande organis\u00e9e\u2026 Plac\u00e9 sous contr\u00f4le judiciaire, le dirigeant qui habite \u00e0 Duba\u00ef est depuis contraint de pointer r\u00e9guli\u00e8rement en France.<\/p>\n<p>Et si depuis l\u2019\u00e9t\u00e9 dernier, la coop\u00e9ration de la plateforme avec les autorit\u00e9s judiciaires europ\u00e9ennes se serait nettement am\u00e9lior\u00e9e, la proc\u00e9dure qui vise le dirigeant russe, naturalis\u00e9 fran\u00e7ais, est toujours en cours. Un point que fustige le PDG qui \u00e9crit\u00a0: \u00ab\u00a0<em>un an plus tard, l&rsquo;\u201denqu\u00eate criminelle\u201d men\u00e9e \u00e0 mon encontre peine toujours \u00e0 trouver quoi que ce soit que moi ou Telegram ayons fait de mal<\/em>\u00a0\u00bb. Telegram est r\u00e9guli\u00e8rement accus\u00e9e d\u2019abriter des r\u00e9seaux criminels, un point qu\u2019avait pourtant reconnu personnellement Pavel Durov quelques jours apr\u00e8s son arrestation, d\u00e9plorant \u00ab<em>\u00a0l\u2019utilisation abusive de (sa) plateforme par des criminels<\/em>\u00a0\u00bb.<\/p>\n<p>Mais pour ce dernier, \u00ab<em>\u00a0arr\u00eater le PDG d\u2019une grande plateforme pour les agissements de ses utilisateurs \u00e9tait non seulement sans pr\u00e9c\u00e9dent, mais aussi absurde d\u2019un point de vue juridique et logique<\/em>\u00a0\u00bb, \u00e9crit-il sur Telegram, dimanche dernier.<\/p>\n<p>&nbsp;<\/p>\n<h2>\u00ab\u00a0La police fran\u00e7aise aurait pu apprendre la proc\u00e9dure correcte simplement en faisant une recherche sur Google\u00a0\u00bb<\/h2>\n<p>\u00c0 l\u2019origine de la proc\u00e9dure, d\u00e9plore le dirigeant\u00a0: \u00ab\u00a0<em>une erreur de la police fran\u00e7aise\u00a0: avant ao\u00fbt 2024, elle a ignor\u00e9 les lois fran\u00e7aises et europ\u00e9ennes et n\u2019a envoy\u00e9 aucune de ses demandes \u00e0 Telegram via la proc\u00e9dure l\u00e9gale requise. Elle aurait pu apprendre la proc\u00e9dure correcte simplement en faisant une recherche sur Google ou en posant la question<\/em>\u00a0\u00bb, tacle-t-il.<\/p>\n<p>\u00ab\u00a0<em>Telegram a toujours r\u00e9pondu \u00e0 toutes les demandes juridiquement contraignantes \u00e9manant de la France<\/em>\u00a0\u00bb, avance-t-il encore. Les autorit\u00e9s fran\u00e7aises et europ\u00e9ennes reprochaient justement \u00e0 Telegram son manque de coop\u00e9ration. L\u2019\u00e9t\u00e9 dernier, les autorit\u00e9s fran\u00e7aises d\u00e9ploraient ainsi la \u00ab\u00a0<em>quasi-totale absence de r\u00e9ponse de Telegram<\/em>\u00a0\u00bb aux demandes judiciaires de la section de lutte contre la cybercriminalit\u00e9 de la Juridiction Nationale de Lutte contre la criminalit\u00e9 organis\u00e9e, au sein du parquet de Paris), notamment par l\u2019OFMIN (Office national des Mineurs).<\/p>\n<p>&nbsp;<\/p>\n<h2>\u00ab\u00a0Nos pratiques de mod\u00e9ration sont conformes aux normes du secteur\u00a0\u00bb<\/h2>\n<p>Autre point de discorde\u00a0: \u00ab\u00a0<em>Nos pratiques de mod\u00e9ration sont conformes aux normes du secteur\u00a0\u00bb<\/em>, se d\u00e9fend-il. Un sujet sur lequel le d\u00e9put\u00e9 Eric Bothorel (Ensemble pour la R\u00e9publique) a r\u00e9agi, sur son\u00a0<a href=\"https:\/\/x.com\/ebothorel\/status\/1959709472114594225\" target=\"_blank\" rel=\"false noopener\">compte X<\/a>, ce lundi 25 ao\u00fbt. \u00ab\u00a0<em>Monsieur Durov, nous ne nous soucions pas de savoir si vos pratiques de mod\u00e9ration sont conformes aux normes du secteur. Elles doivent \u00eatre conformes \u00e0 la l\u00e9gislation europ\u00e9enne<\/em>\u00a0\u00bb.<\/p>\n<p>Mais ce n\u2019est qu\u2019en fin de message que Pavel Durov laisse \u00e9clater sa frustration. Plac\u00e9 sous contr\u00f4le judiciaire, ce dernier est\u00a0<em>\u00ab\u00a0toujours (contraint de) retourner en France tous les 14 jours, sans date d\u2019appel en vue<\/em>\u00a0\u00bb. Le PDG promet de \u00ab\u00a0<em>continuer \u00e0 se battre<\/em>\u00a0\u00bb. \u00ab\u00a0<em>Nous gagnerons<\/em>\u00a0\u00bb, \u00e9crit-il encore. Selon une source de l\u2019<a href=\"https:\/\/www.leparisien.fr\/high-tech\/ils-avaient-juste-a-apprendre-la-procedure-sur-google-un-an-apres-son-arrestation-le-tacle-du-patron-de-telegram-a-la-france-25-08-2025-GWAIZ7MJXRAWVMQSAFUJEIF5TU.php\" target=\"_blank\" rel=\"false noopener\"><em>AFP<\/em><\/a>, plusieurs recours ont \u00e9t\u00e9 d\u00e9pos\u00e9s contre la proc\u00e9dure fran\u00e7aise.<\/p>\n<p>avec 01net<\/p>\n","protected":false},"excerpt":{"rendered":"<p>Dimanche 24 ao\u00fbt dans la soir\u00e9e, Pavel Durov, le fondateur de la messagerie chiffr\u00e9e Telegram, a envoy\u00e9 un message \u00e0 tous ses abonn\u00e9s fran\u00e7ais fustigeant \u00ab\u00a0l\u2019enqu\u00eate criminelle\u00a0\u00bb et \u00ab\u00a0l\u2019arrestation\u00a0\u00bb dont [&hellip;]<\/p>\n","protected":false},"author":1,"featured_media":7171,"comment_status":"open","ping_status":"open","sticky":false,"template":"","format":"standard","meta":{"footnotes":""},"categories":[21,41],"tags":[],"class_list":["post-7170","post","type-post","status-publish","format-standard","has-post-thumbnail","hentry","category-actualite","category-reseaux-sociaux"],"yoast_head":"<!-- This site is optimized with the Yoast SEO plugin v27.4 - https:\/\/yoast.com\/product\/yoast-seo-wordpress\/ -->\n<title>\u00ab Erreur de la police fran\u00e7aise \u00bb : Pavel Durov \u00e0 la t\u00eate de Telegram met la pression sur Paris - Parlons Techs - Store<\/title>\n<meta name=\"robots\" content=\"index, follow, max-snippet:-1, max-image-preview:large, max-video-preview:-1\" \/>\n<link rel=\"canonical\" href=\"https:\/\/parlonstechs.com\/all\/2025\/08\/25\/erreur-de-la-police-francaise-pavel-durov-a-la-tete-de-telegram-met-la-pression-sur-paris\/\" \/>\n<meta property=\"og:locale\" content=\"fr_FR\" \/>\n<meta property=\"og:type\" content=\"article\" \/>\n<meta property=\"og:title\" content=\"\u00ab Erreur de la police fran\u00e7aise \u00bb : Pavel Durov \u00e0 la t\u00eate de Telegram met la pression sur Paris - ParlonsTechs\" \/>\n<meta property=\"og:description\" content=\"Dimanche 24 ao\u00fbt dans la soir\u00e9e, Pavel Durov, le fondateur de la messagerie chiffr\u00e9e Telegram, a envoy\u00e9 un message \u00e0 tous ses abonn\u00e9s fran\u00e7ais fustigeant \u00ab\u00a0l\u2019enqu\u00eate criminelle\u00a0\u00bb et \u00ab\u00a0l\u2019arrestation\u00a0\u00bb dont [&hellip;]\" \/>\n<meta property=\"og:url\" content=\"https:\/\/parlonstechs.com\/all\/2025\/08\/25\/erreur-de-la-police-francaise-pavel-durov-a-la-tete-de-telegram-met-la-pression-sur-paris\/\" \/>\n<meta property=\"og:site_name\" content=\"Parlons Techs - Store\" \/>\n<meta property=\"article:published_time\" content=\"2025-08-25T13:35:16+00:00\" \/>\n<meta property=\"og:image\" content=\"https:\/\/parlonstechs.com\/all\/wp-content\/uploads\/2025\/08\/social_affiche-4.jpg\" \/>\n\t<meta property=\"og:image:width\" content=\"900\" \/>\n\t<meta property=\"og:image:height\" content=\"500\" \/>\n\t<meta property=\"og:image:type\" content=\"image\/jpeg\" \/>\n<meta name=\"author\" content=\"wisdom\" \/>\n<meta name=\"twitter:card\" content=\"summary_large_image\" \/>\n<meta name=\"twitter:title\" content=\"\u00ab Erreur de la police fran\u00e7aise \u00bb : Pavel Durov \u00e0 la t\u00eate de Telegram met la pression sur Paris - ParlonsTechs\" \/>\n<meta name=\"twitter:image\" content=\"https:\/\/parlonstechs.com\/all\/wp-content\/uploads\/2025\/08\/social_affiche-4.jpg\" \/>\n<meta name=\"twitter:label1\" content=\"\u00c9crit par\" \/>\n\t<meta name=\"twitter:data1\" content=\"wisdom\" \/>\n\t<meta name=\"twitter:label2\" content=\"Dur\u00e9e de lecture estim\u00e9e\" \/>\n\t<meta name=\"twitter:data2\" content=\"4 minutes\" \/>\n<script type=\"application\/ld+json\" class=\"yoast-schema-graph\">{\"@context\":\"https:\\\/\\\/schema.org\",\"@graph\":[{\"@type\":\"Article\",\"@id\":\"https:\\\/\\\/parlonstechs.com\\\/all\\\/2025\\\/08\\\/25\\\/erreur-de-la-police-francaise-pavel-durov-a-la-tete-de-telegram-met-la-pression-sur-paris\\\/#article\",\"isPartOf\":{\"@id\":\"https:\\\/\\\/parlonstechs.com\\\/all\\\/2025\\\/08\\\/25\\\/erreur-de-la-police-francaise-pavel-durov-a-la-tete-de-telegram-met-la-pression-sur-paris\\\/\"},\"author\":{\"name\":\"wisdom\",\"@id\":\"https:\\\/\\\/parlonstechs.com\\\/all\\\/#\\\/schema\\\/person\\\/a93526e9c6c72ccb484abb7008892823\"},\"headline\":\"\u00ab Erreur de la police fran\u00e7aise \u00bb : Pavel Durov \u00e0 la t\u00eate de Telegram met la pression sur Paris\",\"datePublished\":\"2025-08-25T13:35:16+00:00\",\"mainEntityOfPage\":{\"@id\":\"https:\\\/\\\/parlonstechs.com\\\/all\\\/2025\\\/08\\\/25\\\/erreur-de-la-police-francaise-pavel-durov-a-la-tete-de-telegram-met-la-pression-sur-paris\\\/\"},\"wordCount\":725,\"commentCount\":0,\"image\":{\"@id\":\"https:\\\/\\\/parlonstechs.com\\\/all\\\/2025\\\/08\\\/25\\\/erreur-de-la-police-francaise-pavel-durov-a-la-tete-de-telegram-met-la-pression-sur-paris\\\/#primaryimage\"},\"thumbnailUrl\":\"https:\\\/\\\/parlonstechs.com\\\/all\\\/wp-content\\\/uploads\\\/2025\\\/08\\\/ab-4.jpg\",\"articleSection\":[\"Actualit\u00e9\",\"R\u00e9seaux Sociaux\"],\"inLanguage\":\"fr-FR\",\"potentialAction\":[{\"@type\":\"CommentAction\",\"name\":\"Comment\",\"target\":[\"https:\\\/\\\/parlonstechs.com\\\/all\\\/2025\\\/08\\\/25\\\/erreur-de-la-police-francaise-pavel-durov-a-la-tete-de-telegram-met-la-pression-sur-paris\\\/#respond\"]}]},{\"@type\":\"WebPage\",\"@id\":\"https:\\\/\\\/parlonstechs.com\\\/all\\\/2025\\\/08\\\/25\\\/erreur-de-la-police-francaise-pavel-durov-a-la-tete-de-telegram-met-la-pression-sur-paris\\\/\",\"url\":\"https:\\\/\\\/parlonstechs.com\\\/all\\\/2025\\\/08\\\/25\\\/erreur-de-la-police-francaise-pavel-durov-a-la-tete-de-telegram-met-la-pression-sur-paris\\\/\",\"name\":\"\u00ab Erreur de la police fran\u00e7aise \u00bb : Pavel Durov \u00e0 la t\u00eate de Telegram met la pression sur Paris - Parlons Techs - Store\",\"isPartOf\":{\"@id\":\"https:\\\/\\\/parlonstechs.com\\\/all\\\/#website\"},\"primaryImageOfPage\":{\"@id\":\"https:\\\/\\\/parlonstechs.com\\\/all\\\/2025\\\/08\\\/25\\\/erreur-de-la-police-francaise-pavel-durov-a-la-tete-de-telegram-met-la-pression-sur-paris\\\/#primaryimage\"},\"image\":{\"@id\":\"https:\\\/\\\/parlonstechs.com\\\/all\\\/2025\\\/08\\\/25\\\/erreur-de-la-police-francaise-pavel-durov-a-la-tete-de-telegram-met-la-pression-sur-paris\\\/#primaryimage\"},\"thumbnailUrl\":\"https:\\\/\\\/parlonstechs.com\\\/all\\\/wp-content\\\/uploads\\\/2025\\\/08\\\/ab-4.jpg\",\"datePublished\":\"2025-08-25T13:35:16+00:00\",\"author\":{\"@id\":\"https:\\\/\\\/parlonstechs.com\\\/all\\\/#\\\/schema\\\/person\\\/a93526e9c6c72ccb484abb7008892823\"},\"breadcrumb\":{\"@id\":\"https:\\\/\\\/parlonstechs.com\\\/all\\\/2025\\\/08\\\/25\\\/erreur-de-la-police-francaise-pavel-durov-a-la-tete-de-telegram-met-la-pression-sur-paris\\\/#breadcrumb\"},\"inLanguage\":\"fr-FR\",\"potentialAction\":[{\"@type\":\"ReadAction\",\"target\":[\"https:\\\/\\\/parlonstechs.com\\\/all\\\/2025\\\/08\\\/25\\\/erreur-de-la-police-francaise-pavel-durov-a-la-tete-de-telegram-met-la-pression-sur-paris\\\/\"]}]},{\"@type\":\"ImageObject\",\"inLanguage\":\"fr-FR\",\"@id\":\"https:\\\/\\\/parlonstechs.com\\\/all\\\/2025\\\/08\\\/25\\\/erreur-de-la-police-francaise-pavel-durov-a-la-tete-de-telegram-met-la-pression-sur-paris\\\/#primaryimage\",\"url\":\"https:\\\/\\\/parlonstechs.com\\\/all\\\/wp-content\\\/uploads\\\/2025\\\/08\\\/ab-4.jpg\",\"contentUrl\":\"https:\\\/\\\/parlonstechs.com\\\/all\\\/wp-content\\\/uploads\\\/2025\\\/08\\\/ab-4.jpg\",\"width\":265,\"height\":119},{\"@type\":\"BreadcrumbList\",\"@id\":\"https:\\\/\\\/parlonstechs.com\\\/all\\\/2025\\\/08\\\/25\\\/erreur-de-la-police-francaise-pavel-durov-a-la-tete-de-telegram-met-la-pression-sur-paris\\\/#breadcrumb\",\"itemListElement\":[{\"@type\":\"ListItem\",\"position\":1,\"name\":\"Accueil\",\"item\":\"https:\\\/\\\/parlonstechs.com\\\/all\\\/\"},{\"@type\":\"ListItem\",\"position\":2,\"name\":\"\u00ab Erreur de la police fran\u00e7aise \u00bb : Pavel Durov \u00e0 la t\u00eate de Telegram met la pression sur Paris\"}]},{\"@type\":\"WebSite\",\"@id\":\"https:\\\/\\\/parlonstechs.com\\\/all\\\/#website\",\"url\":\"https:\\\/\\\/parlonstechs.com\\\/all\\\/\",\"name\":\"Parlons Techs - Store\",\"description\":\"Toute L&#039;Actualit\u00e9 sur La Technologie et La Science\",\"potentialAction\":[{\"@type\":\"SearchAction\",\"target\":{\"@type\":\"EntryPoint\",\"urlTemplate\":\"https:\\\/\\\/parlonstechs.com\\\/all\\\/?s={search_term_string}\"},\"query-input\":{\"@type\":\"PropertyValueSpecification\",\"valueRequired\":true,\"valueName\":\"search_term_string\"}}],\"inLanguage\":\"fr-FR\"},{\"@type\":\"Person\",\"@id\":\"https:\\\/\\\/parlonstechs.com\\\/all\\\/#\\\/schema\\\/person\\\/a93526e9c6c72ccb484abb7008892823\",\"name\":\"wisdom\",\"image\":{\"@type\":\"ImageObject\",\"inLanguage\":\"fr-FR\",\"@id\":\"https:\\\/\\\/secure.gravatar.com\\\/avatar\\\/e752642935d05c7ef20c7ff136e0baadd18b8f39f34dbcffed7f1221cb763284?s=96&d=mm&r=g\",\"url\":\"https:\\\/\\\/secure.gravatar.com\\\/avatar\\\/e752642935d05c7ef20c7ff136e0baadd18b8f39f34dbcffed7f1221cb763284?s=96&d=mm&r=g\",\"contentUrl\":\"https:\\\/\\\/secure.gravatar.com\\\/avatar\\\/e752642935d05c7ef20c7ff136e0baadd18b8f39f34dbcffed7f1221cb763284?s=96&d=mm&r=g\",\"caption\":\"wisdom\"},\"sameAs\":[\"https:\\\/\\\/parlonstechs.com\\\/all\"],\"url\":\"https:\\\/\\\/parlonstechs.com\\\/all\\\/author\\\/wisdom\\\/\"}]}<\/script>\n<!-- \/ Yoast SEO plugin. -->","yoast_head_json":{"title":"\u00ab Erreur de la police fran\u00e7aise \u00bb : Pavel Durov \u00e0 la t\u00eate de Telegram met la pression sur Paris - Parlons Techs - Store","robots":{"index":"index","follow":"follow","max-snippet":"max-snippet:-1","max-image-preview":"max-image-preview:large","max-video-preview":"max-video-preview:-1"},"canonical":"https:\/\/parlonstechs.com\/all\/2025\/08\/25\/erreur-de-la-police-francaise-pavel-durov-a-la-tete-de-telegram-met-la-pression-sur-paris\/","og_locale":"fr_FR","og_type":"article","og_title":"\u00ab Erreur de la police fran\u00e7aise \u00bb : Pavel Durov \u00e0 la t\u00eate de Telegram met la pression sur Paris - ParlonsTechs","og_description":"Dimanche 24 ao\u00fbt dans la soir\u00e9e, Pavel Durov, le fondateur de la messagerie chiffr\u00e9e Telegram, a envoy\u00e9 un message \u00e0 tous ses abonn\u00e9s fran\u00e7ais fustigeant \u00ab\u00a0l\u2019enqu\u00eate criminelle\u00a0\u00bb et \u00ab\u00a0l\u2019arrestation\u00a0\u00bb dont [&hellip;]","og_url":"https:\/\/parlonstechs.com\/all\/2025\/08\/25\/erreur-de-la-police-francaise-pavel-durov-a-la-tete-de-telegram-met-la-pression-sur-paris\/","og_site_name":"Parlons Techs - Store","article_published_time":"2025-08-25T13:35:16+00:00","og_image":[{"width":900,"height":500,"url":"https:\/\/parlonstechs.com\/all\/wp-content\/uploads\/2025\/08\/social_affiche-4.jpg","type":"image\/jpeg"}],"author":"wisdom","twitter_card":"summary_large_image","twitter_title":"\u00ab Erreur de la police fran\u00e7aise \u00bb : Pavel Durov \u00e0 la t\u00eate de Telegram met la pression sur Paris - ParlonsTechs","twitter_image":"https:\/\/parlonstechs.com\/all\/wp-content\/uploads\/2025\/08\/social_affiche-4.jpg","twitter_misc":{"\u00c9crit par":"wisdom","Dur\u00e9e de lecture estim\u00e9e":"4 minutes"},"schema":{"@context":"https:\/\/schema.org","@graph":[{"@type":"Article","@id":"https:\/\/parlonstechs.com\/all\/2025\/08\/25\/erreur-de-la-police-francaise-pavel-durov-a-la-tete-de-telegram-met-la-pression-sur-paris\/#article","isPartOf":{"@id":"https:\/\/parlonstechs.com\/all\/2025\/08\/25\/erreur-de-la-police-francaise-pavel-durov-a-la-tete-de-telegram-met-la-pression-sur-paris\/"},"author":{"name":"wisdom","@id":"https:\/\/parlonstechs.com\/all\/#\/schema\/person\/a93526e9c6c72ccb484abb7008892823"},"headline":"\u00ab Erreur de la police fran\u00e7aise \u00bb : Pavel Durov \u00e0 la t\u00eate de Telegram met la pression sur Paris","datePublished":"2025-08-25T13:35:16+00:00","mainEntityOfPage":{"@id":"https:\/\/parlonstechs.com\/all\/2025\/08\/25\/erreur-de-la-police-francaise-pavel-durov-a-la-tete-de-telegram-met-la-pression-sur-paris\/"},"wordCount":725,"commentCount":0,"image":{"@id":"https:\/\/parlonstechs.com\/all\/2025\/08\/25\/erreur-de-la-police-francaise-pavel-durov-a-la-tete-de-telegram-met-la-pression-sur-paris\/#primaryimage"},"thumbnailUrl":"https:\/\/parlonstechs.com\/all\/wp-content\/uploads\/2025\/08\/ab-4.jpg","articleSection":["Actualit\u00e9","R\u00e9seaux Sociaux"],"inLanguage":"fr-FR","potentialAction":[{"@type":"CommentAction","name":"Comment","target":["https:\/\/parlonstechs.com\/all\/2025\/08\/25\/erreur-de-la-police-francaise-pavel-durov-a-la-tete-de-telegram-met-la-pression-sur-paris\/#respond"]}]},{"@type":"WebPage","@id":"https:\/\/parlonstechs.com\/all\/2025\/08\/25\/erreur-de-la-police-francaise-pavel-durov-a-la-tete-de-telegram-met-la-pression-sur-paris\/","url":"https:\/\/parlonstechs.com\/all\/2025\/08\/25\/erreur-de-la-police-francaise-pavel-durov-a-la-tete-de-telegram-met-la-pression-sur-paris\/","name":"\u00ab Erreur de la police fran\u00e7aise \u00bb : Pavel Durov \u00e0 la t\u00eate de Telegram met la pression sur Paris - Parlons Techs - Store","isPartOf":{"@id":"https:\/\/parlonstechs.com\/all\/#website"},"primaryImageOfPage":{"@id":"https:\/\/parlonstechs.com\/all\/2025\/08\/25\/erreur-de-la-police-francaise-pavel-durov-a-la-tete-de-telegram-met-la-pression-sur-paris\/#primaryimage"},"image":{"@id":"https:\/\/parlonstechs.com\/all\/2025\/08\/25\/erreur-de-la-police-francaise-pavel-durov-a-la-tete-de-telegram-met-la-pression-sur-paris\/#primaryimage"},"thumbnailUrl":"https:\/\/parlonstechs.com\/all\/wp-content\/uploads\/2025\/08\/ab-4.jpg","datePublished":"2025-08-25T13:35:16+00:00","author":{"@id":"https:\/\/parlonstechs.com\/all\/#\/schema\/person\/a93526e9c6c72ccb484abb7008892823"},"breadcrumb":{"@id":"https:\/\/parlonstechs.com\/all\/2025\/08\/25\/erreur-de-la-police-francaise-pavel-durov-a-la-tete-de-telegram-met-la-pression-sur-paris\/#breadcrumb"},"inLanguage":"fr-FR","potentialAction":[{"@type":"ReadAction","target":["https:\/\/parlonstechs.com\/all\/2025\/08\/25\/erreur-de-la-police-francaise-pavel-durov-a-la-tete-de-telegram-met-la-pression-sur-paris\/"]}]},{"@type":"ImageObject","inLanguage":"fr-FR","@id":"https:\/\/parlonstechs.com\/all\/2025\/08\/25\/erreur-de-la-police-francaise-pavel-durov-a-la-tete-de-telegram-met-la-pression-sur-paris\/#primaryimage","url":"https:\/\/parlonstechs.com\/all\/wp-content\/uploads\/2025\/08\/ab-4.jpg","contentUrl":"https:\/\/parlonstechs.com\/all\/wp-content\/uploads\/2025\/08\/ab-4.jpg","width":265,"height":119},{"@type":"BreadcrumbList","@id":"https:\/\/parlonstechs.com\/all\/2025\/08\/25\/erreur-de-la-police-francaise-pavel-durov-a-la-tete-de-telegram-met-la-pression-sur-paris\/#breadcrumb","itemListElement":[{"@type":"ListItem","position":1,"name":"Accueil","item":"https:\/\/parlonstechs.com\/all\/"},{"@type":"ListItem","position":2,"name":"\u00ab Erreur de la police fran\u00e7aise \u00bb : Pavel Durov \u00e0 la t\u00eate de Telegram met la pression sur Paris"}]},{"@type":"WebSite","@id":"https:\/\/parlonstechs.com\/all\/#website","url":"https:\/\/parlonstechs.com\/all\/","name":"Parlons Techs - Store","description":"Toute L&#039;Actualit\u00e9 sur La Technologie et La Science","potentialAction":[{"@type":"SearchAction","target":{"@type":"EntryPoint","urlTemplate":"https:\/\/parlonstechs.com\/all\/?s={search_term_string}"},"query-input":{"@type":"PropertyValueSpecification","valueRequired":true,"valueName":"search_term_string"}}],"inLanguage":"fr-FR"},{"@type":"Person","@id":"https:\/\/parlonstechs.com\/all\/#\/schema\/person\/a93526e9c6c72ccb484abb7008892823","name":"wisdom","image":{"@type":"ImageObject","inLanguage":"fr-FR","@id":"https:\/\/secure.gravatar.com\/avatar\/e752642935d05c7ef20c7ff136e0baadd18b8f39f34dbcffed7f1221cb763284?s=96&d=mm&r=g","url":"https:\/\/secure.gravatar.com\/avatar\/e752642935d05c7ef20c7ff136e0baadd18b8f39f34dbcffed7f1221cb763284?s=96&d=mm&r=g","contentUrl":"https:\/\/secure.gravatar.com\/avatar\/e752642935d05c7ef20c7ff136e0baadd18b8f39f34dbcffed7f1221cb763284?s=96&d=mm&r=g","caption":"wisdom"},"sameAs":["https:\/\/parlonstechs.com\/all"],"url":"https:\/\/parlonstechs.com\/all\/author\/wisdom\/"}]}},"_links":{"self":[{"href":"https:\/\/parlonstechs.com\/all\/wp-json\/wp\/v2\/posts\/7170","targetHints":{"allow":["GET"]}}],"collection":[{"href":"https:\/\/parlonstechs.com\/all\/wp-json\/wp\/v2\/posts"}],"about":[{"href":"https:\/\/parlonstechs.com\/all\/wp-json\/wp\/v2\/types\/post"}],"author":[{"embeddable":true,"href":"https:\/\/parlonstechs.com\/all\/wp-json\/wp\/v2\/users\/1"}],"replies":[{"embeddable":true,"href":"https:\/\/parlonstechs.com\/all\/wp-json\/wp\/v2\/comments?post=7170"}],"version-history":[{"count":1,"href":"https:\/\/parlonstechs.com\/all\/wp-json\/wp\/v2\/posts\/7170\/revisions"}],"predecessor-version":[{"id":7173,"href":"https:\/\/parlonstechs.com\/all\/wp-json\/wp\/v2\/posts\/7170\/revisions\/7173"}],"wp:featuredmedia":[{"embeddable":true,"href":"https:\/\/parlonstechs.com\/all\/wp-json\/wp\/v2\/media\/7171"}],"wp:attachment":[{"href":"https:\/\/parlonstechs.com\/all\/wp-json\/wp\/v2\/media?parent=7170"}],"wp:term":[{"taxonomy":"category","embeddable":true,"href":"https:\/\/parlonstechs.com\/all\/wp-json\/wp\/v2\/categories?post=7170"},{"taxonomy":"post_tag","embeddable":true,"href":"https:\/\/parlonstechs.com\/all\/wp-json\/wp\/v2\/tags?post=7170"}],"curies":[{"name":"wp","href":"https:\/\/api.w.org\/{rel}","templated":true}]}}