
{"id":7206,"date":"2025-09-27T12:31:27","date_gmt":"2025-09-27T10:31:27","guid":{"rendered":"https:\/\/parlonstechs.com\/all\/?p=7206"},"modified":"2025-09-27T12:31:27","modified_gmt":"2025-09-27T10:31:27","slug":"trump-signe-un-decret-pour-placer-tiktok-sous-propriete-americaine","status":"publish","type":"post","link":"https:\/\/parlonstechs.com\/all\/2025\/09\/27\/trump-signe-un-decret-pour-placer-tiktok-sous-propriete-americaine\/","title":{"rendered":"Trump signe un d\u00e9cret pour placer TikTok sous propri\u00e9t\u00e9 am\u00e9ricaine"},"content":{"rendered":"<p><img decoding=\"async\" src=\"https:\/\/img-s-msn-com.akamaized.net\/tenant\/amp\/entityid\/AA1NlPAR.img?w=768&amp;h=432&amp;m=6\" alt=\"Le pr\u00e9sident Donald Trump signe un d\u00e9cret concernant TikTok dans le Bureau ovale de la Maison Blanche, jeudi 25 septembre 2025, \u00e0 Washington.\" \/><\/p>\n<h2 data-t=\"{&quot;n&quot;:&quot;blueLinks&quot;,&quot;t&quot;:13,&quot;a&quot;:&quot;click&quot;,&quot;b&quot;:76}\"><strong>Le pr\u00e9sident Donald Trump a sign\u00e9 un d\u00e9cret jeudi, qui expose son projet de vendre TikTok, propri\u00e9t\u00e9 chinoise \u00e0 des investisseurs am\u00e9ricains et internationaux.<\/strong><\/h2>\n<p data-t=\"{&quot;n&quot;:&quot;blueLinks&quot;,&quot;t&quot;:13,&quot;a&quot;:&quot;click&quot;,&quot;b&quot;:76}\"><strong>Ce d\u00e9cret pr\u00e9sidentiel soutient l\u2019accord de placer Tiktok sous propri\u00e9t\u00e9 am\u00e9ricaine et d\u2019ainsi poursuivre ses activit\u00e9s aux \u00c9tats-Unis tout en r\u00e9pondant aux pr\u00e9occupations de s\u00e9curit\u00e9 nationale \u00e9nonc\u00e9es par la loi.<\/strong><\/p>\n<div class=\"intra-article-module\" data-t=\"{&quot;n&quot;:&quot;intraArticle&quot;,&quot;t&quot;:13}\">\n<div class=\"articlePageIntraArticleFullWidth ad-slot-placeholder left-image-intra-ad full-bleed-image-intra-ad\" data-ad-index=\"0\">\n<div class=\"intra-article-ad-full left-image-intra-ad full-bleed-image-intra-ad\">\n<div id=\"msnf9f0b01adb1b451aaf04\" class=\"full-bleed-image-intra-ad\">L&rsquo;ann\u00e9e derni\u00e8re, le pr\u00e9sident Joe Biden a sign\u00e9 une loi demandant \u00e0 la soci\u00e9t\u00e9 chinoise ByteDance de vendre les actifs de TikTok \u00e0 une soci\u00e9t\u00e9 am\u00e9ricaine avant le d\u00e9but de l&rsquo;ann\u00e9e, sous peine d&rsquo;interdiction, mais M. Trump a depuis, sign\u00e9 \u00e0 plusieurs reprises des d\u00e9crets qui ont permis \u00e0 TikTok de continuer \u00e0 fonctionner aux \u00c9tats-Unis, alors que son administration tente de parvenir \u00e0 un accord pour la vente de la soci\u00e9t\u00e9.<\/p>\n<div class=\"content\">\n<p data-t=\"{&quot;n&quot;:&quot;blueLinks&quot;,&quot;t&quot;:13,&quot;a&quot;:&quot;click&quot;,&quot;b&quot;:76}\">On ignore encore beaucoup de choses sur l&rsquo;accord en cours \u00e0 part qu\u2019il r<strong>\u00e9duirait \u00e0 20 % la participation chinoise dans TikTok aux \u00c9tats-Unis,<\/strong>\u00a0mais M. Trump a d\u00e9clar\u00e9 jeudi que le dirigeant chinois Xi Jinping avait accept\u00e9 d&rsquo;aller de l&rsquo;avant.<\/p>\n<p data-t=\"{&quot;n&quot;:&quot;blueLinks&quot;,&quot;t&quot;:13,&quot;a&quot;:&quot;click&quot;,&quot;b&quot;:76}\"><strong>P\u00e9kin a r\u00e9it\u00e9r\u00e9 vendredi son appel \u00e0 un traitement\u00a0<em>\u00ab ouvert et \u00e9quitable \u00bb<\/em>\u00a0sur cette question.<\/strong><\/p>\n<p data-t=\"{&quot;n&quot;:&quot;blueLinks&quot;,&quot;t&quot;:13,&quot;a&quot;:&quot;click&quot;,&quot;b&quot;:76}\">La plateforme de vid\u00e9os courtes affirme compter plus de 170 millions d&rsquo;utilisateurs aux \u00c9tats-Unis, soit pr\u00e8s de la moiti\u00e9 de la population qm\u00e9ricaine.<\/p>\n<p data-t=\"{&quot;n&quot;:&quot;blueLinks&quot;,&quot;t&quot;:13,&quot;a&quot;:&quot;click&quot;,&quot;b&quot;:76}\">avec euronews<\/p>\n<\/div>\n<\/div>\n<div><\/div>\n<\/div>\n<\/div>\n<\/div>\n","protected":false},"excerpt":{"rendered":"<p>Le pr\u00e9sident Donald Trump a sign\u00e9 un d\u00e9cret jeudi, qui expose son projet de vendre TikTok, propri\u00e9t\u00e9 chinoise \u00e0 des investisseurs am\u00e9ricains et internationaux. Ce d\u00e9cret pr\u00e9sidentiel soutient l\u2019accord de [&hellip;]<\/p>\n","protected":false},"author":1,"featured_media":7207,"comment_status":"open","ping_status":"open","sticky":false,"template":"","format":"standard","meta":{"footnotes":""},"categories":[21,181,41],"tags":[],"class_list":["post-7206","post","type-post","status-publish","format-standard","has-post-thumbnail","hentry","category-actualite","category-internet","category-reseaux-sociaux"],"yoast_head":"<!-- This site is optimized with the Yoast SEO plugin v27.4 - https:\/\/yoast.com\/product\/yoast-seo-wordpress\/ -->\n<title>Trump signe un d\u00e9cret pour placer TikTok sous propri\u00e9t\u00e9 am\u00e9ricaine - Parlons Techs - Store<\/title>\n<meta name=\"robots\" content=\"index, follow, max-snippet:-1, max-image-preview:large, max-video-preview:-1\" \/>\n<link rel=\"canonical\" href=\"https:\/\/parlonstechs.com\/all\/2025\/09\/27\/trump-signe-un-decret-pour-placer-tiktok-sous-propriete-americaine\/\" \/>\n<meta property=\"og:locale\" content=\"fr_FR\" \/>\n<meta property=\"og:type\" content=\"article\" \/>\n<meta property=\"og:title\" content=\"Trump signe un d\u00e9cret pour placer TikTok sous propri\u00e9t\u00e9 am\u00e9ricaine - ParlonsTechs\" \/>\n<meta property=\"og:description\" content=\"Le pr\u00e9sident Donald Trump a sign\u00e9 un d\u00e9cret jeudi, qui expose son projet de vendre TikTok, propri\u00e9t\u00e9 chinoise \u00e0 des investisseurs am\u00e9ricains et internationaux. Ce d\u00e9cret pr\u00e9sidentiel soutient l\u2019accord de [&hellip;]\" \/>\n<meta property=\"og:url\" content=\"https:\/\/parlonstechs.com\/all\/2025\/09\/27\/trump-signe-un-decret-pour-placer-tiktok-sous-propriete-americaine\/\" \/>\n<meta property=\"og:site_name\" content=\"Parlons Techs - Store\" \/>\n<meta property=\"article:published_time\" content=\"2025-09-27T10:31:27+00:00\" \/>\n<meta property=\"og:image\" content=\"https:\/\/parlonstechs.com\/all\/wp-content\/uploads\/2025\/09\/social_affiche-3.jpg\" \/>\n\t<meta property=\"og:image:width\" content=\"900\" \/>\n\t<meta property=\"og:image:height\" content=\"500\" \/>\n\t<meta property=\"og:image:type\" content=\"image\/jpeg\" \/>\n<meta name=\"author\" content=\"wisdom\" \/>\n<meta name=\"twitter:card\" content=\"summary_large_image\" \/>\n<meta name=\"twitter:title\" content=\"Trump signe un d\u00e9cret pour placer TikTok sous propri\u00e9t\u00e9 am\u00e9ricaine - ParlonsTechs\" \/>\n<meta name=\"twitter:image\" content=\"https:\/\/parlonstechs.com\/all\/wp-content\/uploads\/2025\/09\/social_affiche-3.jpg\" \/>\n<meta name=\"twitter:label1\" content=\"\u00c9crit par\" \/>\n\t<meta name=\"twitter:data1\" content=\"wisdom\" \/>\n\t<meta name=\"twitter:label2\" content=\"Dur\u00e9e de lecture estim\u00e9e\" \/>\n\t<meta name=\"twitter:data2\" content=\"2 minutes\" \/>\n<script type=\"application\/ld+json\" class=\"yoast-schema-graph\">{\"@context\":\"https:\\\/\\\/schema.org\",\"@graph\":[{\"@type\":\"Article\",\"@id\":\"https:\\\/\\\/parlonstechs.com\\\/all\\\/2025\\\/09\\\/27\\\/trump-signe-un-decret-pour-placer-tiktok-sous-propriete-americaine\\\/#article\",\"isPartOf\":{\"@id\":\"https:\\\/\\\/parlonstechs.com\\\/all\\\/2025\\\/09\\\/27\\\/trump-signe-un-decret-pour-placer-tiktok-sous-propriete-americaine\\\/\"},\"author\":{\"name\":\"wisdom\",\"@id\":\"https:\\\/\\\/parlonstechs.com\\\/all\\\/#\\\/schema\\\/person\\\/a93526e9c6c72ccb484abb7008892823\"},\"headline\":\"Trump signe un d\u00e9cret pour placer TikTok sous propri\u00e9t\u00e9 am\u00e9ricaine\",\"datePublished\":\"2025-09-27T10:31:27+00:00\",\"mainEntityOfPage\":{\"@id\":\"https:\\\/\\\/parlonstechs.com\\\/all\\\/2025\\\/09\\\/27\\\/trump-signe-un-decret-pour-placer-tiktok-sous-propriete-americaine\\\/\"},\"wordCount\":248,\"commentCount\":0,\"image\":{\"@id\":\"https:\\\/\\\/parlonstechs.com\\\/all\\\/2025\\\/09\\\/27\\\/trump-signe-un-decret-pour-placer-tiktok-sous-propriete-americaine\\\/#primaryimage\"},\"thumbnailUrl\":\"https:\\\/\\\/parlonstechs.com\\\/all\\\/wp-content\\\/uploads\\\/2025\\\/09\\\/ab-3.jpg\",\"articleSection\":[\"Actualit\u00e9\",\"Internet\",\"R\u00e9seaux Sociaux\"],\"inLanguage\":\"fr-FR\",\"potentialAction\":[{\"@type\":\"CommentAction\",\"name\":\"Comment\",\"target\":[\"https:\\\/\\\/parlonstechs.com\\\/all\\\/2025\\\/09\\\/27\\\/trump-signe-un-decret-pour-placer-tiktok-sous-propriete-americaine\\\/#respond\"]}]},{\"@type\":\"WebPage\",\"@id\":\"https:\\\/\\\/parlonstechs.com\\\/all\\\/2025\\\/09\\\/27\\\/trump-signe-un-decret-pour-placer-tiktok-sous-propriete-americaine\\\/\",\"url\":\"https:\\\/\\\/parlonstechs.com\\\/all\\\/2025\\\/09\\\/27\\\/trump-signe-un-decret-pour-placer-tiktok-sous-propriete-americaine\\\/\",\"name\":\"Trump signe un d\u00e9cret pour placer TikTok sous propri\u00e9t\u00e9 am\u00e9ricaine - Parlons Techs - Store\",\"isPartOf\":{\"@id\":\"https:\\\/\\\/parlonstechs.com\\\/all\\\/#website\"},\"primaryImageOfPage\":{\"@id\":\"https:\\\/\\\/parlonstechs.com\\\/all\\\/2025\\\/09\\\/27\\\/trump-signe-un-decret-pour-placer-tiktok-sous-propriete-americaine\\\/#primaryimage\"},\"image\":{\"@id\":\"https:\\\/\\\/parlonstechs.com\\\/all\\\/2025\\\/09\\\/27\\\/trump-signe-un-decret-pour-placer-tiktok-sous-propriete-americaine\\\/#primaryimage\"},\"thumbnailUrl\":\"https:\\\/\\\/parlonstechs.com\\\/all\\\/wp-content\\\/uploads\\\/2025\\\/09\\\/ab-3.jpg\",\"datePublished\":\"2025-09-27T10:31:27+00:00\",\"author\":{\"@id\":\"https:\\\/\\\/parlonstechs.com\\\/all\\\/#\\\/schema\\\/person\\\/a93526e9c6c72ccb484abb7008892823\"},\"breadcrumb\":{\"@id\":\"https:\\\/\\\/parlonstechs.com\\\/all\\\/2025\\\/09\\\/27\\\/trump-signe-un-decret-pour-placer-tiktok-sous-propriete-americaine\\\/#breadcrumb\"},\"inLanguage\":\"fr-FR\",\"potentialAction\":[{\"@type\":\"ReadAction\",\"target\":[\"https:\\\/\\\/parlonstechs.com\\\/all\\\/2025\\\/09\\\/27\\\/trump-signe-un-decret-pour-placer-tiktok-sous-propriete-americaine\\\/\"]}]},{\"@type\":\"ImageObject\",\"inLanguage\":\"fr-FR\",\"@id\":\"https:\\\/\\\/parlonstechs.com\\\/all\\\/2025\\\/09\\\/27\\\/trump-signe-un-decret-pour-placer-tiktok-sous-propriete-americaine\\\/#primaryimage\",\"url\":\"https:\\\/\\\/parlonstechs.com\\\/all\\\/wp-content\\\/uploads\\\/2025\\\/09\\\/ab-3.jpg\",\"contentUrl\":\"https:\\\/\\\/parlonstechs.com\\\/all\\\/wp-content\\\/uploads\\\/2025\\\/09\\\/ab-3.jpg\",\"width\":265,\"height\":119},{\"@type\":\"BreadcrumbList\",\"@id\":\"https:\\\/\\\/parlonstechs.com\\\/all\\\/2025\\\/09\\\/27\\\/trump-signe-un-decret-pour-placer-tiktok-sous-propriete-americaine\\\/#breadcrumb\",\"itemListElement\":[{\"@type\":\"ListItem\",\"position\":1,\"name\":\"Accueil\",\"item\":\"https:\\\/\\\/parlonstechs.com\\\/all\\\/\"},{\"@type\":\"ListItem\",\"position\":2,\"name\":\"Trump signe un d\u00e9cret pour placer TikTok sous propri\u00e9t\u00e9 am\u00e9ricaine\"}]},{\"@type\":\"WebSite\",\"@id\":\"https:\\\/\\\/parlonstechs.com\\\/all\\\/#website\",\"url\":\"https:\\\/\\\/parlonstechs.com\\\/all\\\/\",\"name\":\"Parlons Techs - Store\",\"description\":\"Toute L&#039;Actualit\u00e9 sur La Technologie et La Science\",\"potentialAction\":[{\"@type\":\"SearchAction\",\"target\":{\"@type\":\"EntryPoint\",\"urlTemplate\":\"https:\\\/\\\/parlonstechs.com\\\/all\\\/?s={search_term_string}\"},\"query-input\":{\"@type\":\"PropertyValueSpecification\",\"valueRequired\":true,\"valueName\":\"search_term_string\"}}],\"inLanguage\":\"fr-FR\"},{\"@type\":\"Person\",\"@id\":\"https:\\\/\\\/parlonstechs.com\\\/all\\\/#\\\/schema\\\/person\\\/a93526e9c6c72ccb484abb7008892823\",\"name\":\"wisdom\",\"image\":{\"@type\":\"ImageObject\",\"inLanguage\":\"fr-FR\",\"@id\":\"https:\\\/\\\/secure.gravatar.com\\\/avatar\\\/e752642935d05c7ef20c7ff136e0baadd18b8f39f34dbcffed7f1221cb763284?s=96&d=mm&r=g\",\"url\":\"https:\\\/\\\/secure.gravatar.com\\\/avatar\\\/e752642935d05c7ef20c7ff136e0baadd18b8f39f34dbcffed7f1221cb763284?s=96&d=mm&r=g\",\"contentUrl\":\"https:\\\/\\\/secure.gravatar.com\\\/avatar\\\/e752642935d05c7ef20c7ff136e0baadd18b8f39f34dbcffed7f1221cb763284?s=96&d=mm&r=g\",\"caption\":\"wisdom\"},\"sameAs\":[\"https:\\\/\\\/parlonstechs.com\\\/all\"],\"url\":\"https:\\\/\\\/parlonstechs.com\\\/all\\\/author\\\/wisdom\\\/\"}]}<\/script>\n<!-- \/ Yoast SEO plugin. -->","yoast_head_json":{"title":"Trump signe un d\u00e9cret pour placer TikTok sous propri\u00e9t\u00e9 am\u00e9ricaine - Parlons Techs - Store","robots":{"index":"index","follow":"follow","max-snippet":"max-snippet:-1","max-image-preview":"max-image-preview:large","max-video-preview":"max-video-preview:-1"},"canonical":"https:\/\/parlonstechs.com\/all\/2025\/09\/27\/trump-signe-un-decret-pour-placer-tiktok-sous-propriete-americaine\/","og_locale":"fr_FR","og_type":"article","og_title":"Trump signe un d\u00e9cret pour placer TikTok sous propri\u00e9t\u00e9 am\u00e9ricaine - ParlonsTechs","og_description":"Le pr\u00e9sident Donald Trump a sign\u00e9 un d\u00e9cret jeudi, qui expose son projet de vendre TikTok, propri\u00e9t\u00e9 chinoise \u00e0 des investisseurs am\u00e9ricains et internationaux. Ce d\u00e9cret pr\u00e9sidentiel soutient l\u2019accord de [&hellip;]","og_url":"https:\/\/parlonstechs.com\/all\/2025\/09\/27\/trump-signe-un-decret-pour-placer-tiktok-sous-propriete-americaine\/","og_site_name":"Parlons Techs - Store","article_published_time":"2025-09-27T10:31:27+00:00","og_image":[{"width":900,"height":500,"url":"https:\/\/parlonstechs.com\/all\/wp-content\/uploads\/2025\/09\/social_affiche-3.jpg","type":"image\/jpeg"}],"author":"wisdom","twitter_card":"summary_large_image","twitter_title":"Trump signe un d\u00e9cret pour placer TikTok sous propri\u00e9t\u00e9 am\u00e9ricaine - ParlonsTechs","twitter_image":"https:\/\/parlonstechs.com\/all\/wp-content\/uploads\/2025\/09\/social_affiche-3.jpg","twitter_misc":{"\u00c9crit par":"wisdom","Dur\u00e9e de lecture estim\u00e9e":"2 minutes"},"schema":{"@context":"https:\/\/schema.org","@graph":[{"@type":"Article","@id":"https:\/\/parlonstechs.com\/all\/2025\/09\/27\/trump-signe-un-decret-pour-placer-tiktok-sous-propriete-americaine\/#article","isPartOf":{"@id":"https:\/\/parlonstechs.com\/all\/2025\/09\/27\/trump-signe-un-decret-pour-placer-tiktok-sous-propriete-americaine\/"},"author":{"name":"wisdom","@id":"https:\/\/parlonstechs.com\/all\/#\/schema\/person\/a93526e9c6c72ccb484abb7008892823"},"headline":"Trump signe un d\u00e9cret pour placer TikTok sous propri\u00e9t\u00e9 am\u00e9ricaine","datePublished":"2025-09-27T10:31:27+00:00","mainEntityOfPage":{"@id":"https:\/\/parlonstechs.com\/all\/2025\/09\/27\/trump-signe-un-decret-pour-placer-tiktok-sous-propriete-americaine\/"},"wordCount":248,"commentCount":0,"image":{"@id":"https:\/\/parlonstechs.com\/all\/2025\/09\/27\/trump-signe-un-decret-pour-placer-tiktok-sous-propriete-americaine\/#primaryimage"},"thumbnailUrl":"https:\/\/parlonstechs.com\/all\/wp-content\/uploads\/2025\/09\/ab-3.jpg","articleSection":["Actualit\u00e9","Internet","R\u00e9seaux Sociaux"],"inLanguage":"fr-FR","potentialAction":[{"@type":"CommentAction","name":"Comment","target":["https:\/\/parlonstechs.com\/all\/2025\/09\/27\/trump-signe-un-decret-pour-placer-tiktok-sous-propriete-americaine\/#respond"]}]},{"@type":"WebPage","@id":"https:\/\/parlonstechs.com\/all\/2025\/09\/27\/trump-signe-un-decret-pour-placer-tiktok-sous-propriete-americaine\/","url":"https:\/\/parlonstechs.com\/all\/2025\/09\/27\/trump-signe-un-decret-pour-placer-tiktok-sous-propriete-americaine\/","name":"Trump signe un d\u00e9cret pour placer TikTok sous propri\u00e9t\u00e9 am\u00e9ricaine - Parlons Techs - Store","isPartOf":{"@id":"https:\/\/parlonstechs.com\/all\/#website"},"primaryImageOfPage":{"@id":"https:\/\/parlonstechs.com\/all\/2025\/09\/27\/trump-signe-un-decret-pour-placer-tiktok-sous-propriete-americaine\/#primaryimage"},"image":{"@id":"https:\/\/parlonstechs.com\/all\/2025\/09\/27\/trump-signe-un-decret-pour-placer-tiktok-sous-propriete-americaine\/#primaryimage"},"thumbnailUrl":"https:\/\/parlonstechs.com\/all\/wp-content\/uploads\/2025\/09\/ab-3.jpg","datePublished":"2025-09-27T10:31:27+00:00","author":{"@id":"https:\/\/parlonstechs.com\/all\/#\/schema\/person\/a93526e9c6c72ccb484abb7008892823"},"breadcrumb":{"@id":"https:\/\/parlonstechs.com\/all\/2025\/09\/27\/trump-signe-un-decret-pour-placer-tiktok-sous-propriete-americaine\/#breadcrumb"},"inLanguage":"fr-FR","potentialAction":[{"@type":"ReadAction","target":["https:\/\/parlonstechs.com\/all\/2025\/09\/27\/trump-signe-un-decret-pour-placer-tiktok-sous-propriete-americaine\/"]}]},{"@type":"ImageObject","inLanguage":"fr-FR","@id":"https:\/\/parlonstechs.com\/all\/2025\/09\/27\/trump-signe-un-decret-pour-placer-tiktok-sous-propriete-americaine\/#primaryimage","url":"https:\/\/parlonstechs.com\/all\/wp-content\/uploads\/2025\/09\/ab-3.jpg","contentUrl":"https:\/\/parlonstechs.com\/all\/wp-content\/uploads\/2025\/09\/ab-3.jpg","width":265,"height":119},{"@type":"BreadcrumbList","@id":"https:\/\/parlonstechs.com\/all\/2025\/09\/27\/trump-signe-un-decret-pour-placer-tiktok-sous-propriete-americaine\/#breadcrumb","itemListElement":[{"@type":"ListItem","position":1,"name":"Accueil","item":"https:\/\/parlonstechs.com\/all\/"},{"@type":"ListItem","position":2,"name":"Trump signe un d\u00e9cret pour placer TikTok sous propri\u00e9t\u00e9 am\u00e9ricaine"}]},{"@type":"WebSite","@id":"https:\/\/parlonstechs.com\/all\/#website","url":"https:\/\/parlonstechs.com\/all\/","name":"Parlons Techs - Store","description":"Toute L&#039;Actualit\u00e9 sur La Technologie et La Science","potentialAction":[{"@type":"SearchAction","target":{"@type":"EntryPoint","urlTemplate":"https:\/\/parlonstechs.com\/all\/?s={search_term_string}"},"query-input":{"@type":"PropertyValueSpecification","valueRequired":true,"valueName":"search_term_string"}}],"inLanguage":"fr-FR"},{"@type":"Person","@id":"https:\/\/parlonstechs.com\/all\/#\/schema\/person\/a93526e9c6c72ccb484abb7008892823","name":"wisdom","image":{"@type":"ImageObject","inLanguage":"fr-FR","@id":"https:\/\/secure.gravatar.com\/avatar\/e752642935d05c7ef20c7ff136e0baadd18b8f39f34dbcffed7f1221cb763284?s=96&d=mm&r=g","url":"https:\/\/secure.gravatar.com\/avatar\/e752642935d05c7ef20c7ff136e0baadd18b8f39f34dbcffed7f1221cb763284?s=96&d=mm&r=g","contentUrl":"https:\/\/secure.gravatar.com\/avatar\/e752642935d05c7ef20c7ff136e0baadd18b8f39f34dbcffed7f1221cb763284?s=96&d=mm&r=g","caption":"wisdom"},"sameAs":["https:\/\/parlonstechs.com\/all"],"url":"https:\/\/parlonstechs.com\/all\/author\/wisdom\/"}]}},"_links":{"self":[{"href":"https:\/\/parlonstechs.com\/all\/wp-json\/wp\/v2\/posts\/7206","targetHints":{"allow":["GET"]}}],"collection":[{"href":"https:\/\/parlonstechs.com\/all\/wp-json\/wp\/v2\/posts"}],"about":[{"href":"https:\/\/parlonstechs.com\/all\/wp-json\/wp\/v2\/types\/post"}],"author":[{"embeddable":true,"href":"https:\/\/parlonstechs.com\/all\/wp-json\/wp\/v2\/users\/1"}],"replies":[{"embeddable":true,"href":"https:\/\/parlonstechs.com\/all\/wp-json\/wp\/v2\/comments?post=7206"}],"version-history":[{"count":1,"href":"https:\/\/parlonstechs.com\/all\/wp-json\/wp\/v2\/posts\/7206\/revisions"}],"predecessor-version":[{"id":7209,"href":"https:\/\/parlonstechs.com\/all\/wp-json\/wp\/v2\/posts\/7206\/revisions\/7209"}],"wp:featuredmedia":[{"embeddable":true,"href":"https:\/\/parlonstechs.com\/all\/wp-json\/wp\/v2\/media\/7207"}],"wp:attachment":[{"href":"https:\/\/parlonstechs.com\/all\/wp-json\/wp\/v2\/media?parent=7206"}],"wp:term":[{"taxonomy":"category","embeddable":true,"href":"https:\/\/parlonstechs.com\/all\/wp-json\/wp\/v2\/categories?post=7206"},{"taxonomy":"post_tag","embeddable":true,"href":"https:\/\/parlonstechs.com\/all\/wp-json\/wp\/v2\/tags?post=7206"}],"curies":[{"name":"wp","href":"https:\/\/api.w.org\/{rel}","templated":true}]}}