
{"id":7291,"date":"2026-03-04T04:08:49","date_gmt":"2026-03-04T03:08:49","guid":{"rendered":"https:\/\/parlonstechs.com\/all\/?p=7291"},"modified":"2026-03-04T04:08:49","modified_gmt":"2026-03-04T03:08:49","slug":"mars-prendrait-plus-de-20-ans-spacex-donne-la-priorite-a-la-lune-pour-y-etablir-une-base","status":"publish","type":"post","link":"https:\/\/parlonstechs.com\/all\/2026\/03\/04\/mars-prendrait-plus-de-20-ans-spacex-donne-la-priorite-a-la-lune-pour-y-etablir-une-base\/","title":{"rendered":"\u00abMars prendrait plus de 20 ans\u00bb : SpaceX donne la priorit\u00e9 \u00e0 la Lune pour y \u00e9tablir une base"},"content":{"rendered":"<p><img decoding=\"async\" src=\"https:\/\/images.timesnownews.com\/thumb\/msid-119203426,thumbsize-796060,width-1280,height-720,resizemode-75\/119203426.jpg\" alt=\"Elon Musk's SpaceX Sets 2026 Launch For Mars Mission, Eyes First Human  Landing By 2029 | Science - Times Now\" \/><\/p>\n<h2>Elon Musk rebat les cartes de l\u2019exploration spatiale : SpaceX met d\u00e9sormais la priorit\u00e9 sur la Lune, rel\u00e9guant Mars \u00e0 plus tard. Le milliardaire estime pouvoir \u00e9tablir une base lunaire en moins de dix ans, bien avant une hypoth\u00e9tique ville martienne.<\/h2>\n<p>SpaceX change de cap : l\u2019entreprise d\u2019Elon Musk\u00a0va d\u00e9sormais concentrer ses efforts sur la cr\u00e9ation d\u2019une base lunaire, plut\u00f4t que sur l\u2019envoi rapide d\u2019humains vers Mars. Le patron de la soci\u00e9t\u00e9 spatiale a officialis\u00e9 cette nouvelle strat\u00e9gie dimanche sur X, affirmant que la Lune repr\u00e9sentait une destination plus accessible \u00e0 court terme.<\/p>\n<blockquote class=\"twitter-tweet\" data-width=\"500\" data-dnt=\"true\">\n<p lang=\"en\" dir=\"ltr\">For those unaware, SpaceX has already shifted focus to building a self-growing city on the Moon, as we can potentially achieve that in less than 10 years, whereas Mars would take 20+ years. <\/p>\n<p>The mission of SpaceX remains the same: extend consciousness and life as we know it to\u2026<\/p>\n<p>&mdash; Elon Musk (@elonmusk) <a href=\"https:\/\/twitter.com\/elonmusk\/status\/2020640004628742577?ref_src=twsrc%5Etfw\" target=\"_blank\" rel=\"noopener\">February 8, 2026<\/a><\/p><\/blockquote>\n<p><script async src=\"https:\/\/platform.twitter.com\/widgets.js\" charset=\"utf-8\"><\/script><\/p>\n<p>Selon lui, \u00ab\u00a0SpaceX a d\u00e9j\u00e0 r\u00e9orient\u00e9 sa strat\u00e9gie vers la construction d&rsquo;une ville autonome sur la Lune car nous pouvons potentiellement y parvenir en moins de 10 ans, alors que Mars prendrait plus de 20 ans\u00a0\u00bb. Il rappelle que les missions martiennes sont contraintes par l\u2019alignement des plan\u00e8tes, \u00ab\u00a0tous les 26 mois\u00a0\u00bb, alors que \u00ab\u00a0nous pouvons effectuer un lancement vers la Lune tous les 10 jours\u00a0\u00bb. Cette cadence offrirait, selon Musk, la possibilit\u00e9 de b\u00e2tir beaucoup plus rapidement une implantation durable sur le sol lunaire.<\/p>\n<p>&nbsp;<\/p>\n<h2 class=\"dm_article-paragraph-title-2\">\u00ab\u00a0Construire une ville sur Mars\u00a0\u00bb<\/h2>\n<p>SpaceX n\u2019abandonne toutefois pas l\u2019id\u00e9e d\u2019une colonie martienne. Le milliardaire affirme vouloir \u00ab\u00a0construire une ville sur Mars\u00a0\u00bb et esp\u00e8re commencer \u00ab\u00a0dans environ cinq \u00e0 sept ans\u00a0\u00bb. L\u2019entreprise, devenue un acteur incontournable de l\u2019industrie spatiale gr\u00e2ce \u00e0 ses\u00a0contrats avec la NASA, a longtemps \u00e9t\u00e9 critiqu\u00e9e pour l\u2019ambition jug\u00e9e irr\u00e9aliste de son projet martien. Le recentrage sur la Lune rapproche d\u00e9sormais SpaceX de la strat\u00e9gie spatiale am\u00e9ricaine.<\/p>\n<p>Donald Trump a en effet r\u00e9affirm\u00e9 en d\u00e9cembre son souhait d\u2019un retour rapide d\u2019astronautes sur la Lune \u00ab\u00a0d&rsquo;ici 2028 dans le cadre du programme Art\u00e9mis\u00a0\u00bb, tout en rel\u00e9guant Mars au second plan. Le d\u00e9cret pr\u00e9sidentiel pr\u00e9sent\u00e9 \u00e0 l\u2019\u00e9poque insistait sur la n\u00e9cessit\u00e9 d\u2019\u00a0\u00bbaffirmer le r\u00f4le de leader des \u00c9tats-Unis dans l&rsquo;espace, de jeter les bases du d\u00e9veloppement \u00e9conomique lunaire, de pr\u00e9parer le voyage vers Mars et d&rsquo;inspirer la prochaine g\u00e9n\u00e9ration d&rsquo;explorateurs am\u00e9ricains\u00a0\u00bb.<\/p>\n<p>Mais la mission Art\u00e9mis 3, pr\u00e9vue pour la mi\u20112027, pourrait une nouvelle fois \u00eatre repouss\u00e9e. L\u2019alunisseur d\u00e9velopp\u00e9 par SpaceX n\u2019est pas encore pr\u00eat, selon plusieurs sp\u00e9cialistes du secteur. Un retard qui pourrait profiter au programme spatial chinois, P\u00e9kin ayant lui aussi l\u2019ambition d\u2019envoyer des astronautes sur la Lune.<\/p>\n<p>avec europe1<\/p>\n","protected":false},"excerpt":{"rendered":"<p>Elon Musk rebat les cartes de l\u2019exploration spatiale : SpaceX met d\u00e9sormais la priorit\u00e9 sur la Lune, rel\u00e9guant Mars \u00e0 plus tard. Le milliardaire estime pouvoir \u00e9tablir une base lunaire [&hellip;]<\/p>\n","protected":false},"author":1,"featured_media":7292,"comment_status":"open","ping_status":"open","sticky":false,"template":"","format":"standard","meta":{"footnotes":""},"categories":[21,7,17],"tags":[],"class_list":["post-7291","post","type-post","status-publish","format-standard","has-post-thumbnail","hentry","category-actualite","category-afrique","category-espace"],"yoast_head":"<!-- This site is optimized with the Yoast SEO plugin v27.4 - https:\/\/yoast.com\/product\/yoast-seo-wordpress\/ -->\n<title>\u00abMars prendrait plus de 20 ans\u00bb : SpaceX donne la priorit\u00e9 \u00e0 la Lune pour y \u00e9tablir une base - Parlons Techs - Store<\/title>\n<meta name=\"robots\" content=\"index, follow, max-snippet:-1, max-image-preview:large, max-video-preview:-1\" \/>\n<link rel=\"canonical\" href=\"https:\/\/parlonstechs.com\/all\/2026\/03\/04\/mars-prendrait-plus-de-20-ans-spacex-donne-la-priorite-a-la-lune-pour-y-etablir-une-base\/\" \/>\n<meta property=\"og:locale\" content=\"fr_FR\" \/>\n<meta property=\"og:type\" content=\"article\" \/>\n<meta property=\"og:title\" content=\"\u00abMars prendrait plus de 20 ans\u00bb : SpaceX donne la priorit\u00e9 \u00e0 la Lune pour y \u00e9tablir une base - ParlonsTechs\" \/>\n<meta property=\"og:description\" content=\"Elon Musk rebat les cartes de l\u2019exploration spatiale : SpaceX met d\u00e9sormais la priorit\u00e9 sur la Lune, rel\u00e9guant Mars \u00e0 plus tard. Le milliardaire estime pouvoir \u00e9tablir une base lunaire [&hellip;]\" \/>\n<meta property=\"og:url\" content=\"https:\/\/parlonstechs.com\/all\/2026\/03\/04\/mars-prendrait-plus-de-20-ans-spacex-donne-la-priorite-a-la-lune-pour-y-etablir-une-base\/\" \/>\n<meta property=\"og:site_name\" content=\"Parlons Techs - Store\" \/>\n<meta property=\"article:published_time\" content=\"2026-03-04T03:08:49+00:00\" \/>\n<meta property=\"og:image\" content=\"https:\/\/parlonstechs.com\/all\/wp-content\/uploads\/2026\/03\/ab_social-3.jpg\" \/>\n\t<meta property=\"og:image:width\" content=\"900\" \/>\n\t<meta property=\"og:image:height\" content=\"500\" \/>\n\t<meta property=\"og:image:type\" content=\"image\/jpeg\" \/>\n<meta name=\"author\" content=\"wisdom\" \/>\n<meta name=\"twitter:card\" content=\"summary_large_image\" \/>\n<meta name=\"twitter:title\" content=\"\u00abMars prendrait plus de 20 ans\u00bb : SpaceX donne la priorit\u00e9 \u00e0 la Lune pour y \u00e9tablir une base - ParlonsTechs\" \/>\n<meta name=\"twitter:image\" content=\"https:\/\/parlonstechs.com\/all\/wp-content\/uploads\/2026\/03\/ab_social-3.jpg\" \/>\n<meta name=\"twitter:label1\" content=\"\u00c9crit par\" \/>\n\t<meta name=\"twitter:data1\" content=\"wisdom\" \/>\n\t<meta name=\"twitter:label2\" content=\"Dur\u00e9e de lecture estim\u00e9e\" \/>\n\t<meta name=\"twitter:data2\" content=\"3 minutes\" \/>\n<script type=\"application\/ld+json\" class=\"yoast-schema-graph\">{\"@context\":\"https:\\\/\\\/schema.org\",\"@graph\":[{\"@type\":\"Article\",\"@id\":\"https:\\\/\\\/parlonstechs.com\\\/all\\\/2026\\\/03\\\/04\\\/mars-prendrait-plus-de-20-ans-spacex-donne-la-priorite-a-la-lune-pour-y-etablir-une-base\\\/#article\",\"isPartOf\":{\"@id\":\"https:\\\/\\\/parlonstechs.com\\\/all\\\/2026\\\/03\\\/04\\\/mars-prendrait-plus-de-20-ans-spacex-donne-la-priorite-a-la-lune-pour-y-etablir-une-base\\\/\"},\"author\":{\"name\":\"wisdom\",\"@id\":\"https:\\\/\\\/parlonstechs.com\\\/all\\\/#\\\/schema\\\/person\\\/a93526e9c6c72ccb484abb7008892823\"},\"headline\":\"\u00abMars prendrait plus de 20 ans\u00bb : SpaceX donne la priorit\u00e9 \u00e0 la Lune pour y \u00e9tablir une base\",\"datePublished\":\"2026-03-04T03:08:49+00:00\",\"mainEntityOfPage\":{\"@id\":\"https:\\\/\\\/parlonstechs.com\\\/all\\\/2026\\\/03\\\/04\\\/mars-prendrait-plus-de-20-ans-spacex-donne-la-priorite-a-la-lune-pour-y-etablir-une-base\\\/\"},\"wordCount\":483,\"commentCount\":0,\"image\":{\"@id\":\"https:\\\/\\\/parlonstechs.com\\\/all\\\/2026\\\/03\\\/04\\\/mars-prendrait-plus-de-20-ans-spacex-donne-la-priorite-a-la-lune-pour-y-etablir-une-base\\\/#primaryimage\"},\"thumbnailUrl\":\"https:\\\/\\\/parlonstechs.com\\\/all\\\/wp-content\\\/uploads\\\/2026\\\/03\\\/ab-3.jpg\",\"articleSection\":[\"Actualit\u00e9\",\"Afrique\",\"Espace\"],\"inLanguage\":\"fr-FR\",\"potentialAction\":[{\"@type\":\"CommentAction\",\"name\":\"Comment\",\"target\":[\"https:\\\/\\\/parlonstechs.com\\\/all\\\/2026\\\/03\\\/04\\\/mars-prendrait-plus-de-20-ans-spacex-donne-la-priorite-a-la-lune-pour-y-etablir-une-base\\\/#respond\"]}]},{\"@type\":\"WebPage\",\"@id\":\"https:\\\/\\\/parlonstechs.com\\\/all\\\/2026\\\/03\\\/04\\\/mars-prendrait-plus-de-20-ans-spacex-donne-la-priorite-a-la-lune-pour-y-etablir-une-base\\\/\",\"url\":\"https:\\\/\\\/parlonstechs.com\\\/all\\\/2026\\\/03\\\/04\\\/mars-prendrait-plus-de-20-ans-spacex-donne-la-priorite-a-la-lune-pour-y-etablir-une-base\\\/\",\"name\":\"\u00abMars prendrait plus de 20 ans\u00bb : SpaceX donne la priorit\u00e9 \u00e0 la Lune pour y \u00e9tablir une base - Parlons Techs - Store\",\"isPartOf\":{\"@id\":\"https:\\\/\\\/parlonstechs.com\\\/all\\\/#website\"},\"primaryImageOfPage\":{\"@id\":\"https:\\\/\\\/parlonstechs.com\\\/all\\\/2026\\\/03\\\/04\\\/mars-prendrait-plus-de-20-ans-spacex-donne-la-priorite-a-la-lune-pour-y-etablir-une-base\\\/#primaryimage\"},\"image\":{\"@id\":\"https:\\\/\\\/parlonstechs.com\\\/all\\\/2026\\\/03\\\/04\\\/mars-prendrait-plus-de-20-ans-spacex-donne-la-priorite-a-la-lune-pour-y-etablir-une-base\\\/#primaryimage\"},\"thumbnailUrl\":\"https:\\\/\\\/parlonstechs.com\\\/all\\\/wp-content\\\/uploads\\\/2026\\\/03\\\/ab-3.jpg\",\"datePublished\":\"2026-03-04T03:08:49+00:00\",\"author\":{\"@id\":\"https:\\\/\\\/parlonstechs.com\\\/all\\\/#\\\/schema\\\/person\\\/a93526e9c6c72ccb484abb7008892823\"},\"breadcrumb\":{\"@id\":\"https:\\\/\\\/parlonstechs.com\\\/all\\\/2026\\\/03\\\/04\\\/mars-prendrait-plus-de-20-ans-spacex-donne-la-priorite-a-la-lune-pour-y-etablir-une-base\\\/#breadcrumb\"},\"inLanguage\":\"fr-FR\",\"potentialAction\":[{\"@type\":\"ReadAction\",\"target\":[\"https:\\\/\\\/parlonstechs.com\\\/all\\\/2026\\\/03\\\/04\\\/mars-prendrait-plus-de-20-ans-spacex-donne-la-priorite-a-la-lune-pour-y-etablir-une-base\\\/\"]}]},{\"@type\":\"ImageObject\",\"inLanguage\":\"fr-FR\",\"@id\":\"https:\\\/\\\/parlonstechs.com\\\/all\\\/2026\\\/03\\\/04\\\/mars-prendrait-plus-de-20-ans-spacex-donne-la-priorite-a-la-lune-pour-y-etablir-une-base\\\/#primaryimage\",\"url\":\"https:\\\/\\\/parlonstechs.com\\\/all\\\/wp-content\\\/uploads\\\/2026\\\/03\\\/ab-3.jpg\",\"contentUrl\":\"https:\\\/\\\/parlonstechs.com\\\/all\\\/wp-content\\\/uploads\\\/2026\\\/03\\\/ab-3.jpg\",\"width\":265,\"height\":119},{\"@type\":\"BreadcrumbList\",\"@id\":\"https:\\\/\\\/parlonstechs.com\\\/all\\\/2026\\\/03\\\/04\\\/mars-prendrait-plus-de-20-ans-spacex-donne-la-priorite-a-la-lune-pour-y-etablir-une-base\\\/#breadcrumb\",\"itemListElement\":[{\"@type\":\"ListItem\",\"position\":1,\"name\":\"Accueil\",\"item\":\"https:\\\/\\\/parlonstechs.com\\\/all\\\/\"},{\"@type\":\"ListItem\",\"position\":2,\"name\":\"\u00abMars prendrait plus de 20 ans\u00bb : SpaceX donne la priorit\u00e9 \u00e0 la Lune pour y \u00e9tablir une base\"}]},{\"@type\":\"WebSite\",\"@id\":\"https:\\\/\\\/parlonstechs.com\\\/all\\\/#website\",\"url\":\"https:\\\/\\\/parlonstechs.com\\\/all\\\/\",\"name\":\"Parlons Techs - Store\",\"description\":\"Toute L&#039;Actualit\u00e9 sur La Technologie et La Science\",\"potentialAction\":[{\"@type\":\"SearchAction\",\"target\":{\"@type\":\"EntryPoint\",\"urlTemplate\":\"https:\\\/\\\/parlonstechs.com\\\/all\\\/?s={search_term_string}\"},\"query-input\":{\"@type\":\"PropertyValueSpecification\",\"valueRequired\":true,\"valueName\":\"search_term_string\"}}],\"inLanguage\":\"fr-FR\"},{\"@type\":\"Person\",\"@id\":\"https:\\\/\\\/parlonstechs.com\\\/all\\\/#\\\/schema\\\/person\\\/a93526e9c6c72ccb484abb7008892823\",\"name\":\"wisdom\",\"image\":{\"@type\":\"ImageObject\",\"inLanguage\":\"fr-FR\",\"@id\":\"https:\\\/\\\/secure.gravatar.com\\\/avatar\\\/e752642935d05c7ef20c7ff136e0baadd18b8f39f34dbcffed7f1221cb763284?s=96&d=mm&r=g\",\"url\":\"https:\\\/\\\/secure.gravatar.com\\\/avatar\\\/e752642935d05c7ef20c7ff136e0baadd18b8f39f34dbcffed7f1221cb763284?s=96&d=mm&r=g\",\"contentUrl\":\"https:\\\/\\\/secure.gravatar.com\\\/avatar\\\/e752642935d05c7ef20c7ff136e0baadd18b8f39f34dbcffed7f1221cb763284?s=96&d=mm&r=g\",\"caption\":\"wisdom\"},\"sameAs\":[\"https:\\\/\\\/parlonstechs.com\\\/all\"],\"url\":\"https:\\\/\\\/parlonstechs.com\\\/all\\\/author\\\/wisdom\\\/\"}]}<\/script>\n<!-- \/ Yoast SEO plugin. -->","yoast_head_json":{"title":"\u00abMars prendrait plus de 20 ans\u00bb : SpaceX donne la priorit\u00e9 \u00e0 la Lune pour y \u00e9tablir une base - Parlons Techs - Store","robots":{"index":"index","follow":"follow","max-snippet":"max-snippet:-1","max-image-preview":"max-image-preview:large","max-video-preview":"max-video-preview:-1"},"canonical":"https:\/\/parlonstechs.com\/all\/2026\/03\/04\/mars-prendrait-plus-de-20-ans-spacex-donne-la-priorite-a-la-lune-pour-y-etablir-une-base\/","og_locale":"fr_FR","og_type":"article","og_title":"\u00abMars prendrait plus de 20 ans\u00bb : SpaceX donne la priorit\u00e9 \u00e0 la Lune pour y \u00e9tablir une base - ParlonsTechs","og_description":"Elon Musk rebat les cartes de l\u2019exploration spatiale : SpaceX met d\u00e9sormais la priorit\u00e9 sur la Lune, rel\u00e9guant Mars \u00e0 plus tard. Le milliardaire estime pouvoir \u00e9tablir une base lunaire [&hellip;]","og_url":"https:\/\/parlonstechs.com\/all\/2026\/03\/04\/mars-prendrait-plus-de-20-ans-spacex-donne-la-priorite-a-la-lune-pour-y-etablir-une-base\/","og_site_name":"Parlons Techs - Store","article_published_time":"2026-03-04T03:08:49+00:00","og_image":[{"width":900,"height":500,"url":"https:\/\/parlonstechs.com\/all\/wp-content\/uploads\/2026\/03\/ab_social-3.jpg","type":"image\/jpeg"}],"author":"wisdom","twitter_card":"summary_large_image","twitter_title":"\u00abMars prendrait plus de 20 ans\u00bb : SpaceX donne la priorit\u00e9 \u00e0 la Lune pour y \u00e9tablir une base - ParlonsTechs","twitter_image":"https:\/\/parlonstechs.com\/all\/wp-content\/uploads\/2026\/03\/ab_social-3.jpg","twitter_misc":{"\u00c9crit par":"wisdom","Dur\u00e9e de lecture estim\u00e9e":"3 minutes"},"schema":{"@context":"https:\/\/schema.org","@graph":[{"@type":"Article","@id":"https:\/\/parlonstechs.com\/all\/2026\/03\/04\/mars-prendrait-plus-de-20-ans-spacex-donne-la-priorite-a-la-lune-pour-y-etablir-une-base\/#article","isPartOf":{"@id":"https:\/\/parlonstechs.com\/all\/2026\/03\/04\/mars-prendrait-plus-de-20-ans-spacex-donne-la-priorite-a-la-lune-pour-y-etablir-une-base\/"},"author":{"name":"wisdom","@id":"https:\/\/parlonstechs.com\/all\/#\/schema\/person\/a93526e9c6c72ccb484abb7008892823"},"headline":"\u00abMars prendrait plus de 20 ans\u00bb : SpaceX donne la priorit\u00e9 \u00e0 la Lune pour y \u00e9tablir une base","datePublished":"2026-03-04T03:08:49+00:00","mainEntityOfPage":{"@id":"https:\/\/parlonstechs.com\/all\/2026\/03\/04\/mars-prendrait-plus-de-20-ans-spacex-donne-la-priorite-a-la-lune-pour-y-etablir-une-base\/"},"wordCount":483,"commentCount":0,"image":{"@id":"https:\/\/parlonstechs.com\/all\/2026\/03\/04\/mars-prendrait-plus-de-20-ans-spacex-donne-la-priorite-a-la-lune-pour-y-etablir-une-base\/#primaryimage"},"thumbnailUrl":"https:\/\/parlonstechs.com\/all\/wp-content\/uploads\/2026\/03\/ab-3.jpg","articleSection":["Actualit\u00e9","Afrique","Espace"],"inLanguage":"fr-FR","potentialAction":[{"@type":"CommentAction","name":"Comment","target":["https:\/\/parlonstechs.com\/all\/2026\/03\/04\/mars-prendrait-plus-de-20-ans-spacex-donne-la-priorite-a-la-lune-pour-y-etablir-une-base\/#respond"]}]},{"@type":"WebPage","@id":"https:\/\/parlonstechs.com\/all\/2026\/03\/04\/mars-prendrait-plus-de-20-ans-spacex-donne-la-priorite-a-la-lune-pour-y-etablir-une-base\/","url":"https:\/\/parlonstechs.com\/all\/2026\/03\/04\/mars-prendrait-plus-de-20-ans-spacex-donne-la-priorite-a-la-lune-pour-y-etablir-une-base\/","name":"\u00abMars prendrait plus de 20 ans\u00bb : SpaceX donne la priorit\u00e9 \u00e0 la Lune pour y \u00e9tablir une base - Parlons Techs - Store","isPartOf":{"@id":"https:\/\/parlonstechs.com\/all\/#website"},"primaryImageOfPage":{"@id":"https:\/\/parlonstechs.com\/all\/2026\/03\/04\/mars-prendrait-plus-de-20-ans-spacex-donne-la-priorite-a-la-lune-pour-y-etablir-une-base\/#primaryimage"},"image":{"@id":"https:\/\/parlonstechs.com\/all\/2026\/03\/04\/mars-prendrait-plus-de-20-ans-spacex-donne-la-priorite-a-la-lune-pour-y-etablir-une-base\/#primaryimage"},"thumbnailUrl":"https:\/\/parlonstechs.com\/all\/wp-content\/uploads\/2026\/03\/ab-3.jpg","datePublished":"2026-03-04T03:08:49+00:00","author":{"@id":"https:\/\/parlonstechs.com\/all\/#\/schema\/person\/a93526e9c6c72ccb484abb7008892823"},"breadcrumb":{"@id":"https:\/\/parlonstechs.com\/all\/2026\/03\/04\/mars-prendrait-plus-de-20-ans-spacex-donne-la-priorite-a-la-lune-pour-y-etablir-une-base\/#breadcrumb"},"inLanguage":"fr-FR","potentialAction":[{"@type":"ReadAction","target":["https:\/\/parlonstechs.com\/all\/2026\/03\/04\/mars-prendrait-plus-de-20-ans-spacex-donne-la-priorite-a-la-lune-pour-y-etablir-une-base\/"]}]},{"@type":"ImageObject","inLanguage":"fr-FR","@id":"https:\/\/parlonstechs.com\/all\/2026\/03\/04\/mars-prendrait-plus-de-20-ans-spacex-donne-la-priorite-a-la-lune-pour-y-etablir-une-base\/#primaryimage","url":"https:\/\/parlonstechs.com\/all\/wp-content\/uploads\/2026\/03\/ab-3.jpg","contentUrl":"https:\/\/parlonstechs.com\/all\/wp-content\/uploads\/2026\/03\/ab-3.jpg","width":265,"height":119},{"@type":"BreadcrumbList","@id":"https:\/\/parlonstechs.com\/all\/2026\/03\/04\/mars-prendrait-plus-de-20-ans-spacex-donne-la-priorite-a-la-lune-pour-y-etablir-une-base\/#breadcrumb","itemListElement":[{"@type":"ListItem","position":1,"name":"Accueil","item":"https:\/\/parlonstechs.com\/all\/"},{"@type":"ListItem","position":2,"name":"\u00abMars prendrait plus de 20 ans\u00bb : SpaceX donne la priorit\u00e9 \u00e0 la Lune pour y \u00e9tablir une base"}]},{"@type":"WebSite","@id":"https:\/\/parlonstechs.com\/all\/#website","url":"https:\/\/parlonstechs.com\/all\/","name":"Parlons Techs - Store","description":"Toute L&#039;Actualit\u00e9 sur La Technologie et La Science","potentialAction":[{"@type":"SearchAction","target":{"@type":"EntryPoint","urlTemplate":"https:\/\/parlonstechs.com\/all\/?s={search_term_string}"},"query-input":{"@type":"PropertyValueSpecification","valueRequired":true,"valueName":"search_term_string"}}],"inLanguage":"fr-FR"},{"@type":"Person","@id":"https:\/\/parlonstechs.com\/all\/#\/schema\/person\/a93526e9c6c72ccb484abb7008892823","name":"wisdom","image":{"@type":"ImageObject","inLanguage":"fr-FR","@id":"https:\/\/secure.gravatar.com\/avatar\/e752642935d05c7ef20c7ff136e0baadd18b8f39f34dbcffed7f1221cb763284?s=96&d=mm&r=g","url":"https:\/\/secure.gravatar.com\/avatar\/e752642935d05c7ef20c7ff136e0baadd18b8f39f34dbcffed7f1221cb763284?s=96&d=mm&r=g","contentUrl":"https:\/\/secure.gravatar.com\/avatar\/e752642935d05c7ef20c7ff136e0baadd18b8f39f34dbcffed7f1221cb763284?s=96&d=mm&r=g","caption":"wisdom"},"sameAs":["https:\/\/parlonstechs.com\/all"],"url":"https:\/\/parlonstechs.com\/all\/author\/wisdom\/"}]}},"_links":{"self":[{"href":"https:\/\/parlonstechs.com\/all\/wp-json\/wp\/v2\/posts\/7291","targetHints":{"allow":["GET"]}}],"collection":[{"href":"https:\/\/parlonstechs.com\/all\/wp-json\/wp\/v2\/posts"}],"about":[{"href":"https:\/\/parlonstechs.com\/all\/wp-json\/wp\/v2\/types\/post"}],"author":[{"embeddable":true,"href":"https:\/\/parlonstechs.com\/all\/wp-json\/wp\/v2\/users\/1"}],"replies":[{"embeddable":true,"href":"https:\/\/parlonstechs.com\/all\/wp-json\/wp\/v2\/comments?post=7291"}],"version-history":[{"count":1,"href":"https:\/\/parlonstechs.com\/all\/wp-json\/wp\/v2\/posts\/7291\/revisions"}],"predecessor-version":[{"id":7294,"href":"https:\/\/parlonstechs.com\/all\/wp-json\/wp\/v2\/posts\/7291\/revisions\/7294"}],"wp:featuredmedia":[{"embeddable":true,"href":"https:\/\/parlonstechs.com\/all\/wp-json\/wp\/v2\/media\/7292"}],"wp:attachment":[{"href":"https:\/\/parlonstechs.com\/all\/wp-json\/wp\/v2\/media?parent=7291"}],"wp:term":[{"taxonomy":"category","embeddable":true,"href":"https:\/\/parlonstechs.com\/all\/wp-json\/wp\/v2\/categories?post=7291"},{"taxonomy":"post_tag","embeddable":true,"href":"https:\/\/parlonstechs.com\/all\/wp-json\/wp\/v2\/tags?post=7291"}],"curies":[{"name":"wp","href":"https:\/\/api.w.org\/{rel}","templated":true}]}}