
{"id":910,"date":"2021-02-10T07:30:00","date_gmt":"2021-02-10T06:30:00","guid":{"rendered":"https:\/\/parlonstechs.com\/all\/?p=910"},"modified":"2021-02-10T07:30:01","modified_gmt":"2021-02-10T06:30:01","slug":"faut-il-eteindre-son-ordinateur-quand-on-ne-sen-sert-pas","status":"publish","type":"post","link":"https:\/\/parlonstechs.com\/all\/2021\/02\/10\/faut-il-eteindre-son-ordinateur-quand-on-ne-sen-sert-pas\/","title":{"rendered":"Faut-il \u00e9teindre son ordinateur quand on ne s&rsquo;en sert pas ?"},"content":{"rendered":"\n<figure class=\"wp-block-image\"><img decoding=\"async\" src=\"https:\/\/cdn.futura-sciences.com\/buildsv6\/images\/mediumoriginal\/d\/4\/7\/d4745db5d2_50171793_mode-veille-ordinateur-roope-fotolia.jpg\" alt=\"En mode veille, un ordinateur consomme environ un tiers de l\u2019\u00e9lectricit\u00e9 par rapport au mode actif. \u00a9 Roope, Fotolia\"\/><\/figure>\n\n\n\n<p style=\"font-size:24px\"><strong>Laisser son ordinateur en permanence sous tension consomme de l&rsquo;\u00e9nergie. \u00c0 l&rsquo;inverse, des allumages et extinctions fr\u00e9quents sont r\u00e9put\u00e9s ab\u00eemer les composants. Que faire face \u00e0 ce dilemme ?<\/strong><\/p>\n\n\n\n<p>PC portable ou de bureau, c&rsquo;est \u00e0 chaque fois le casse-t\u00eate : faut-il \u00e9teindre son ordinateur ou pas lorsqu&rsquo;on a fini de s&rsquo;en servir ? Pendant longtemps, les sp\u00e9cialistes conseillaient de laisser l&rsquo;ordinateur allum\u00e9, car les allumages intempestifs fatiguent les composants en raison des fluctuations de tension. Ce conseil est de moins en moins vrai avec les ordinateurs r\u00e9cents, notamment ceux poss\u00e9dant une m\u00e9moire flash type SSD, plus r\u00e9sistants et sans pi\u00e8ces mobiles. \u00ab\u00a0<em>Si vous n&rsquo;utilisez pas votre ordinateur pendant plus d&rsquo;une heure, \u00e9teignez-le et d\u00e9branchez-le \u00bb<\/em>, conseille ainsi Florence Cl\u00e9ment, de l&rsquo;Ademe. Il faut savoir qu&rsquo;un ordinateur, m\u00eame en mode veille,\u00a0continue \u00e0 consommer de l\u2019\u00e9lectricit\u00e9\u00a0(environ un tiers par rapport \u00e0 un mode actif).<\/p>\n\n\n\n<h2 class=\"wp-block-heading\">Mode veille et mode hibernation : quelle diff\u00e9rence ?<\/h2>\n\n\n\n<p>Mais tous les sp\u00e9cialistes ne sont pas d&rsquo;accord sur la question. D&rsquo;abord, il existe sur la plupart des ordinateurs r\u00e9cents un mode \u00ab hibernation \u00bb ou \u00ab veille prolong\u00e9e \u00bb, o\u00f9 le contenu de la RAM est d\u00e9charg\u00e9 dans un fichier stock\u00e9 sur le disque dur. Dans ce cas, la consommation est quasi nulle puisque plus aucune pi\u00e8ce n&rsquo;est aliment\u00e9e. La diff\u00e9rence avec une extinction compl\u00e8te est que les fichiers et les\u00a0applications\u00a0sont laiss\u00e9s ouverts, ce qui permet de reprendre un film l\u00e0 o\u00f9 on s&rsquo;est arr\u00eat\u00e9 par exemple. Mais, l\u00e0 encore, le\u00a0PC\u00a0continue \u00e0 consommer un tout petit peu d&rsquo;\u00e9lectricit\u00e9 (environ 0,6\u00a0watt\u00a0par heure), afin qu&rsquo;il puisse\u00a0s\u2019allumer spontan\u00e9ment\u00a0\u00e0 une heure donn\u00e9e par exemple. Seul le fait de d\u00e9brancher la prise coupe totalement le courant. D&rsquo;autre part, seul un red\u00e9marrage complet permet d&rsquo;installer les mises \u00e0 jour et de corriger d&rsquo;\u00e9ventuels\u00a0bugs.<\/p>\n\n\n\n<p><\/p>\n\n\n\n<h2 class=\"wp-block-heading\">\u00c9teindre ou mettre en veille son ordinateur : avantages et inconv\u00e9nients<\/h2>\n\n\n\n<h3 class=\"wp-block-heading\">Avantages de la mise en veille<\/h3>\n\n\n\n<ul class=\"wp-block-list\"><li>Le red\u00e9marrage plus rapide (3 \u00e0 7 secondes contre pr\u00e8s d&rsquo;une minute selon les mod\u00e8les).<\/li><li>Acc\u00e8s \u00e0 distance aux fichiers stock\u00e9s sur l&rsquo;ordinateur.<\/li><li>Les fichiers restent ouverts (on peut reprendre son travail o\u00f9 on l&rsquo;a laiss\u00e9).<\/li><li>Les t\u00e2ches automatiques continuent d&rsquo;\u00eatre effectu\u00e9es (antivirus par exemple).<\/li><li>Pas de fluctuations dans l&rsquo;alimentation.<\/li><\/ul>\n\n\n\n<h3 class=\"wp-block-heading\">Inconv\u00e9nients de la mise en veille<\/h3>\n\n\n\n<ul class=\"wp-block-list\"><li>L&rsquo;ordinateur continue \u00e0 consommer de l&rsquo;\u00e9lectricit\u00e9.<\/li><li>L&rsquo;ordinateur est accessible aux pirates.<\/li><li>Les mises \u00e0 jour ne sont pas install\u00e9es.<\/li><li>L&rsquo;accumulation de fichiers temporaires et de fichiers cache peut\u00a0ralentir l\u2019ordinateur.<\/li><li>Risque de dommage en cas de\u00a0foudre.<\/li><\/ul>\n\n\n\n<p>En r\u00e9sum\u00e9, si l&rsquo;ordinateur n&rsquo;est utilis\u00e9 que quelques heures par jour, il est conseill\u00e9 de l&rsquo;\u00e9teindre apr\u00e8s usage. Sinon, on peut le laisser allum\u00e9 en mode veille (veille prolong\u00e9e la nuit) et effectuer deux \u00e0 trois red\u00e9marrages complets par semaine.<\/p>\n\n\n\n<p>Avec Futura<\/p>\n","protected":false},"excerpt":{"rendered":"<p>Laisser son ordinateur en permanence sous tension consomme de l&rsquo;\u00e9nergie. \u00c0 l&rsquo;inverse, des allumages et extinctions fr\u00e9quents sont r\u00e9put\u00e9s ab\u00eemer les composants. Que faire face \u00e0 ce dilemme ? PC [&hellip;]<\/p>\n","protected":false},"author":1,"featured_media":911,"comment_status":"open","ping_status":"open","sticky":false,"template":"","format":"standard","meta":{"footnotes":""},"categories":[21,71],"tags":[],"class_list":["post-910","post","type-post","status-publish","format-standard","has-post-thumbnail","hentry","category-actualite","category-astuce"],"yoast_head":"<!-- This site is optimized with the Yoast SEO plugin v27.4 - https:\/\/yoast.com\/product\/yoast-seo-wordpress\/ -->\n<title>Faut-il \u00e9teindre son ordinateur quand on ne s&#039;en sert pas ? - Parlons Techs - Store<\/title>\n<meta name=\"robots\" content=\"index, follow, max-snippet:-1, max-image-preview:large, max-video-preview:-1\" \/>\n<link rel=\"canonical\" href=\"https:\/\/parlonstechs.com\/all\/2021\/02\/10\/faut-il-eteindre-son-ordinateur-quand-on-ne-sen-sert-pas\/\" \/>\n<meta property=\"og:locale\" content=\"fr_FR\" \/>\n<meta property=\"og:type\" content=\"article\" \/>\n<meta property=\"og:title\" content=\"Faut-il \u00e9teindre son ordinateur quand on ne s&#039;en sert pas ? - Parlons Techs - Store\" \/>\n<meta property=\"og:description\" content=\"Laisser son ordinateur en permanence sous tension consomme de l&rsquo;\u00e9nergie. \u00c0 l&rsquo;inverse, des allumages et extinctions fr\u00e9quents sont r\u00e9put\u00e9s ab\u00eemer les composants. Que faire face \u00e0 ce dilemme ? PC [&hellip;]\" \/>\n<meta property=\"og:url\" content=\"https:\/\/parlonstechs.com\/all\/2021\/02\/10\/faut-il-eteindre-son-ordinateur-quand-on-ne-sen-sert-pas\/\" \/>\n<meta property=\"og:site_name\" content=\"Parlons Techs - Store\" \/>\n<meta property=\"article:published_time\" content=\"2021-02-10T06:30:00+00:00\" \/>\n<meta property=\"article:modified_time\" content=\"2021-02-10T06:30:01+00:00\" \/>\n<meta property=\"og:image\" content=\"https:\/\/parlonstechs.com\/all\/wp-content\/uploads\/2021\/02\/pt-23.jpg\" \/>\n\t<meta property=\"og:image:width\" content=\"265\" \/>\n\t<meta property=\"og:image:height\" content=\"119\" \/>\n\t<meta property=\"og:image:type\" content=\"image\/jpeg\" \/>\n<meta name=\"author\" content=\"wisdom\" \/>\n<meta name=\"twitter:card\" content=\"summary_large_image\" \/>\n<meta name=\"twitter:label1\" content=\"\u00c9crit par\" \/>\n\t<meta name=\"twitter:data1\" content=\"wisdom\" \/>\n\t<meta name=\"twitter:label2\" content=\"Dur\u00e9e de lecture estim\u00e9e\" \/>\n\t<meta name=\"twitter:data2\" content=\"3 minutes\" \/>\n<script type=\"application\/ld+json\" class=\"yoast-schema-graph\">{\"@context\":\"https:\\\/\\\/schema.org\",\"@graph\":[{\"@type\":\"Article\",\"@id\":\"https:\\\/\\\/parlonstechs.com\\\/all\\\/2021\\\/02\\\/10\\\/faut-il-eteindre-son-ordinateur-quand-on-ne-sen-sert-pas\\\/#article\",\"isPartOf\":{\"@id\":\"https:\\\/\\\/parlonstechs.com\\\/all\\\/2021\\\/02\\\/10\\\/faut-il-eteindre-son-ordinateur-quand-on-ne-sen-sert-pas\\\/\"},\"author\":{\"name\":\"wisdom\",\"@id\":\"https:\\\/\\\/parlonstechs.com\\\/all\\\/#\\\/schema\\\/person\\\/a93526e9c6c72ccb484abb7008892823\"},\"headline\":\"Faut-il \u00e9teindre son ordinateur quand on ne s&rsquo;en sert pas ?\",\"datePublished\":\"2021-02-10T06:30:00+00:00\",\"dateModified\":\"2021-02-10T06:30:01+00:00\",\"mainEntityOfPage\":{\"@id\":\"https:\\\/\\\/parlonstechs.com\\\/all\\\/2021\\\/02\\\/10\\\/faut-il-eteindre-son-ordinateur-quand-on-ne-sen-sert-pas\\\/\"},\"wordCount\":514,\"commentCount\":0,\"image\":{\"@id\":\"https:\\\/\\\/parlonstechs.com\\\/all\\\/2021\\\/02\\\/10\\\/faut-il-eteindre-son-ordinateur-quand-on-ne-sen-sert-pas\\\/#primaryimage\"},\"thumbnailUrl\":\"https:\\\/\\\/parlonstechs.com\\\/all\\\/wp-content\\\/uploads\\\/2021\\\/02\\\/pt-23.jpg\",\"articleSection\":[\"Actualit\u00e9\",\"Astuce\"],\"inLanguage\":\"fr-FR\",\"potentialAction\":[{\"@type\":\"CommentAction\",\"name\":\"Comment\",\"target\":[\"https:\\\/\\\/parlonstechs.com\\\/all\\\/2021\\\/02\\\/10\\\/faut-il-eteindre-son-ordinateur-quand-on-ne-sen-sert-pas\\\/#respond\"]}]},{\"@type\":\"WebPage\",\"@id\":\"https:\\\/\\\/parlonstechs.com\\\/all\\\/2021\\\/02\\\/10\\\/faut-il-eteindre-son-ordinateur-quand-on-ne-sen-sert-pas\\\/\",\"url\":\"https:\\\/\\\/parlonstechs.com\\\/all\\\/2021\\\/02\\\/10\\\/faut-il-eteindre-son-ordinateur-quand-on-ne-sen-sert-pas\\\/\",\"name\":\"Faut-il \u00e9teindre son ordinateur quand on ne s'en sert pas ? - Parlons Techs - Store\",\"isPartOf\":{\"@id\":\"https:\\\/\\\/parlonstechs.com\\\/all\\\/#website\"},\"primaryImageOfPage\":{\"@id\":\"https:\\\/\\\/parlonstechs.com\\\/all\\\/2021\\\/02\\\/10\\\/faut-il-eteindre-son-ordinateur-quand-on-ne-sen-sert-pas\\\/#primaryimage\"},\"image\":{\"@id\":\"https:\\\/\\\/parlonstechs.com\\\/all\\\/2021\\\/02\\\/10\\\/faut-il-eteindre-son-ordinateur-quand-on-ne-sen-sert-pas\\\/#primaryimage\"},\"thumbnailUrl\":\"https:\\\/\\\/parlonstechs.com\\\/all\\\/wp-content\\\/uploads\\\/2021\\\/02\\\/pt-23.jpg\",\"datePublished\":\"2021-02-10T06:30:00+00:00\",\"dateModified\":\"2021-02-10T06:30:01+00:00\",\"author\":{\"@id\":\"https:\\\/\\\/parlonstechs.com\\\/all\\\/#\\\/schema\\\/person\\\/a93526e9c6c72ccb484abb7008892823\"},\"breadcrumb\":{\"@id\":\"https:\\\/\\\/parlonstechs.com\\\/all\\\/2021\\\/02\\\/10\\\/faut-il-eteindre-son-ordinateur-quand-on-ne-sen-sert-pas\\\/#breadcrumb\"},\"inLanguage\":\"fr-FR\",\"potentialAction\":[{\"@type\":\"ReadAction\",\"target\":[\"https:\\\/\\\/parlonstechs.com\\\/all\\\/2021\\\/02\\\/10\\\/faut-il-eteindre-son-ordinateur-quand-on-ne-sen-sert-pas\\\/\"]}]},{\"@type\":\"ImageObject\",\"inLanguage\":\"fr-FR\",\"@id\":\"https:\\\/\\\/parlonstechs.com\\\/all\\\/2021\\\/02\\\/10\\\/faut-il-eteindre-son-ordinateur-quand-on-ne-sen-sert-pas\\\/#primaryimage\",\"url\":\"https:\\\/\\\/parlonstechs.com\\\/all\\\/wp-content\\\/uploads\\\/2021\\\/02\\\/pt-23.jpg\",\"contentUrl\":\"https:\\\/\\\/parlonstechs.com\\\/all\\\/wp-content\\\/uploads\\\/2021\\\/02\\\/pt-23.jpg\",\"width\":265,\"height\":119},{\"@type\":\"BreadcrumbList\",\"@id\":\"https:\\\/\\\/parlonstechs.com\\\/all\\\/2021\\\/02\\\/10\\\/faut-il-eteindre-son-ordinateur-quand-on-ne-sen-sert-pas\\\/#breadcrumb\",\"itemListElement\":[{\"@type\":\"ListItem\",\"position\":1,\"name\":\"Accueil\",\"item\":\"https:\\\/\\\/parlonstechs.com\\\/all\\\/\"},{\"@type\":\"ListItem\",\"position\":2,\"name\":\"Faut-il \u00e9teindre son ordinateur quand on ne s&rsquo;en sert pas ?\"}]},{\"@type\":\"WebSite\",\"@id\":\"https:\\\/\\\/parlonstechs.com\\\/all\\\/#website\",\"url\":\"https:\\\/\\\/parlonstechs.com\\\/all\\\/\",\"name\":\"Parlons Techs - Store\",\"description\":\"Toute L&#039;Actualit\u00e9 sur La Technologie et La Science\",\"potentialAction\":[{\"@type\":\"SearchAction\",\"target\":{\"@type\":\"EntryPoint\",\"urlTemplate\":\"https:\\\/\\\/parlonstechs.com\\\/all\\\/?s={search_term_string}\"},\"query-input\":{\"@type\":\"PropertyValueSpecification\",\"valueRequired\":true,\"valueName\":\"search_term_string\"}}],\"inLanguage\":\"fr-FR\"},{\"@type\":\"Person\",\"@id\":\"https:\\\/\\\/parlonstechs.com\\\/all\\\/#\\\/schema\\\/person\\\/a93526e9c6c72ccb484abb7008892823\",\"name\":\"wisdom\",\"image\":{\"@type\":\"ImageObject\",\"inLanguage\":\"fr-FR\",\"@id\":\"https:\\\/\\\/secure.gravatar.com\\\/avatar\\\/e752642935d05c7ef20c7ff136e0baadd18b8f39f34dbcffed7f1221cb763284?s=96&d=mm&r=g\",\"url\":\"https:\\\/\\\/secure.gravatar.com\\\/avatar\\\/e752642935d05c7ef20c7ff136e0baadd18b8f39f34dbcffed7f1221cb763284?s=96&d=mm&r=g\",\"contentUrl\":\"https:\\\/\\\/secure.gravatar.com\\\/avatar\\\/e752642935d05c7ef20c7ff136e0baadd18b8f39f34dbcffed7f1221cb763284?s=96&d=mm&r=g\",\"caption\":\"wisdom\"},\"sameAs\":[\"https:\\\/\\\/parlonstechs.com\\\/all\"],\"url\":\"https:\\\/\\\/parlonstechs.com\\\/all\\\/author\\\/wisdom\\\/\"}]}<\/script>\n<!-- \/ Yoast SEO plugin. -->","yoast_head_json":{"title":"Faut-il \u00e9teindre son ordinateur quand on ne s'en sert pas ? - Parlons Techs - Store","robots":{"index":"index","follow":"follow","max-snippet":"max-snippet:-1","max-image-preview":"max-image-preview:large","max-video-preview":"max-video-preview:-1"},"canonical":"https:\/\/parlonstechs.com\/all\/2021\/02\/10\/faut-il-eteindre-son-ordinateur-quand-on-ne-sen-sert-pas\/","og_locale":"fr_FR","og_type":"article","og_title":"Faut-il \u00e9teindre son ordinateur quand on ne s'en sert pas ? - Parlons Techs - Store","og_description":"Laisser son ordinateur en permanence sous tension consomme de l&rsquo;\u00e9nergie. \u00c0 l&rsquo;inverse, des allumages et extinctions fr\u00e9quents sont r\u00e9put\u00e9s ab\u00eemer les composants. Que faire face \u00e0 ce dilemme ? PC [&hellip;]","og_url":"https:\/\/parlonstechs.com\/all\/2021\/02\/10\/faut-il-eteindre-son-ordinateur-quand-on-ne-sen-sert-pas\/","og_site_name":"Parlons Techs - Store","article_published_time":"2021-02-10T06:30:00+00:00","article_modified_time":"2021-02-10T06:30:01+00:00","og_image":[{"width":265,"height":119,"url":"https:\/\/parlonstechs.com\/all\/wp-content\/uploads\/2021\/02\/pt-23.jpg","type":"image\/jpeg"}],"author":"wisdom","twitter_card":"summary_large_image","twitter_misc":{"\u00c9crit par":"wisdom","Dur\u00e9e de lecture estim\u00e9e":"3 minutes"},"schema":{"@context":"https:\/\/schema.org","@graph":[{"@type":"Article","@id":"https:\/\/parlonstechs.com\/all\/2021\/02\/10\/faut-il-eteindre-son-ordinateur-quand-on-ne-sen-sert-pas\/#article","isPartOf":{"@id":"https:\/\/parlonstechs.com\/all\/2021\/02\/10\/faut-il-eteindre-son-ordinateur-quand-on-ne-sen-sert-pas\/"},"author":{"name":"wisdom","@id":"https:\/\/parlonstechs.com\/all\/#\/schema\/person\/a93526e9c6c72ccb484abb7008892823"},"headline":"Faut-il \u00e9teindre son ordinateur quand on ne s&rsquo;en sert pas ?","datePublished":"2021-02-10T06:30:00+00:00","dateModified":"2021-02-10T06:30:01+00:00","mainEntityOfPage":{"@id":"https:\/\/parlonstechs.com\/all\/2021\/02\/10\/faut-il-eteindre-son-ordinateur-quand-on-ne-sen-sert-pas\/"},"wordCount":514,"commentCount":0,"image":{"@id":"https:\/\/parlonstechs.com\/all\/2021\/02\/10\/faut-il-eteindre-son-ordinateur-quand-on-ne-sen-sert-pas\/#primaryimage"},"thumbnailUrl":"https:\/\/parlonstechs.com\/all\/wp-content\/uploads\/2021\/02\/pt-23.jpg","articleSection":["Actualit\u00e9","Astuce"],"inLanguage":"fr-FR","potentialAction":[{"@type":"CommentAction","name":"Comment","target":["https:\/\/parlonstechs.com\/all\/2021\/02\/10\/faut-il-eteindre-son-ordinateur-quand-on-ne-sen-sert-pas\/#respond"]}]},{"@type":"WebPage","@id":"https:\/\/parlonstechs.com\/all\/2021\/02\/10\/faut-il-eteindre-son-ordinateur-quand-on-ne-sen-sert-pas\/","url":"https:\/\/parlonstechs.com\/all\/2021\/02\/10\/faut-il-eteindre-son-ordinateur-quand-on-ne-sen-sert-pas\/","name":"Faut-il \u00e9teindre son ordinateur quand on ne s'en sert pas ? - Parlons Techs - Store","isPartOf":{"@id":"https:\/\/parlonstechs.com\/all\/#website"},"primaryImageOfPage":{"@id":"https:\/\/parlonstechs.com\/all\/2021\/02\/10\/faut-il-eteindre-son-ordinateur-quand-on-ne-sen-sert-pas\/#primaryimage"},"image":{"@id":"https:\/\/parlonstechs.com\/all\/2021\/02\/10\/faut-il-eteindre-son-ordinateur-quand-on-ne-sen-sert-pas\/#primaryimage"},"thumbnailUrl":"https:\/\/parlonstechs.com\/all\/wp-content\/uploads\/2021\/02\/pt-23.jpg","datePublished":"2021-02-10T06:30:00+00:00","dateModified":"2021-02-10T06:30:01+00:00","author":{"@id":"https:\/\/parlonstechs.com\/all\/#\/schema\/person\/a93526e9c6c72ccb484abb7008892823"},"breadcrumb":{"@id":"https:\/\/parlonstechs.com\/all\/2021\/02\/10\/faut-il-eteindre-son-ordinateur-quand-on-ne-sen-sert-pas\/#breadcrumb"},"inLanguage":"fr-FR","potentialAction":[{"@type":"ReadAction","target":["https:\/\/parlonstechs.com\/all\/2021\/02\/10\/faut-il-eteindre-son-ordinateur-quand-on-ne-sen-sert-pas\/"]}]},{"@type":"ImageObject","inLanguage":"fr-FR","@id":"https:\/\/parlonstechs.com\/all\/2021\/02\/10\/faut-il-eteindre-son-ordinateur-quand-on-ne-sen-sert-pas\/#primaryimage","url":"https:\/\/parlonstechs.com\/all\/wp-content\/uploads\/2021\/02\/pt-23.jpg","contentUrl":"https:\/\/parlonstechs.com\/all\/wp-content\/uploads\/2021\/02\/pt-23.jpg","width":265,"height":119},{"@type":"BreadcrumbList","@id":"https:\/\/parlonstechs.com\/all\/2021\/02\/10\/faut-il-eteindre-son-ordinateur-quand-on-ne-sen-sert-pas\/#breadcrumb","itemListElement":[{"@type":"ListItem","position":1,"name":"Accueil","item":"https:\/\/parlonstechs.com\/all\/"},{"@type":"ListItem","position":2,"name":"Faut-il \u00e9teindre son ordinateur quand on ne s&rsquo;en sert pas ?"}]},{"@type":"WebSite","@id":"https:\/\/parlonstechs.com\/all\/#website","url":"https:\/\/parlonstechs.com\/all\/","name":"Parlons Techs - Store","description":"Toute L&#039;Actualit\u00e9 sur La Technologie et La Science","potentialAction":[{"@type":"SearchAction","target":{"@type":"EntryPoint","urlTemplate":"https:\/\/parlonstechs.com\/all\/?s={search_term_string}"},"query-input":{"@type":"PropertyValueSpecification","valueRequired":true,"valueName":"search_term_string"}}],"inLanguage":"fr-FR"},{"@type":"Person","@id":"https:\/\/parlonstechs.com\/all\/#\/schema\/person\/a93526e9c6c72ccb484abb7008892823","name":"wisdom","image":{"@type":"ImageObject","inLanguage":"fr-FR","@id":"https:\/\/secure.gravatar.com\/avatar\/e752642935d05c7ef20c7ff136e0baadd18b8f39f34dbcffed7f1221cb763284?s=96&d=mm&r=g","url":"https:\/\/secure.gravatar.com\/avatar\/e752642935d05c7ef20c7ff136e0baadd18b8f39f34dbcffed7f1221cb763284?s=96&d=mm&r=g","contentUrl":"https:\/\/secure.gravatar.com\/avatar\/e752642935d05c7ef20c7ff136e0baadd18b8f39f34dbcffed7f1221cb763284?s=96&d=mm&r=g","caption":"wisdom"},"sameAs":["https:\/\/parlonstechs.com\/all"],"url":"https:\/\/parlonstechs.com\/all\/author\/wisdom\/"}]}},"_links":{"self":[{"href":"https:\/\/parlonstechs.com\/all\/wp-json\/wp\/v2\/posts\/910","targetHints":{"allow":["GET"]}}],"collection":[{"href":"https:\/\/parlonstechs.com\/all\/wp-json\/wp\/v2\/posts"}],"about":[{"href":"https:\/\/parlonstechs.com\/all\/wp-json\/wp\/v2\/types\/post"}],"author":[{"embeddable":true,"href":"https:\/\/parlonstechs.com\/all\/wp-json\/wp\/v2\/users\/1"}],"replies":[{"embeddable":true,"href":"https:\/\/parlonstechs.com\/all\/wp-json\/wp\/v2\/comments?post=910"}],"version-history":[{"count":1,"href":"https:\/\/parlonstechs.com\/all\/wp-json\/wp\/v2\/posts\/910\/revisions"}],"predecessor-version":[{"id":912,"href":"https:\/\/parlonstechs.com\/all\/wp-json\/wp\/v2\/posts\/910\/revisions\/912"}],"wp:featuredmedia":[{"embeddable":true,"href":"https:\/\/parlonstechs.com\/all\/wp-json\/wp\/v2\/media\/911"}],"wp:attachment":[{"href":"https:\/\/parlonstechs.com\/all\/wp-json\/wp\/v2\/media?parent=910"}],"wp:term":[{"taxonomy":"category","embeddable":true,"href":"https:\/\/parlonstechs.com\/all\/wp-json\/wp\/v2\/categories?post=910"},{"taxonomy":"post_tag","embeddable":true,"href":"https:\/\/parlonstechs.com\/all\/wp-json\/wp\/v2\/tags?post=910"}],"curies":[{"name":"wp","href":"https:\/\/api.w.org\/{rel}","templated":true}]}}